{"id":1592,"date":"2020-11-18T19:15:35","date_gmt":"2020-11-18T19:15:35","guid":{"rendered":"http:\/\/puertadeafrica.com\/?p=1592"},"modified":"2021-03-12T22:22:55","modified_gmt":"2021-03-12T22:22:55","slug":"desde-africa-para-africa-la-gran-muralla-verde","status":"publish","type":"post","link":"https:\/\/revista.puertadeafrica.com\/index.php\/2020\/11\/18\/desde-africa-para-africa-la-gran-muralla-verde\/","title":{"rendered":"Desde \u00c1frica para \u00c1frica: La Gran Muralla Verde"},"content":{"rendered":"\n<figure class=\"wp-block-image size-large\"><img fetchpriority=\"high\" decoding=\"async\" width=\"1024\" height=\"512\" src=\"https:\/\/revista.puertadeafrica.com\/wp-content\/uploads\/2021\/02\/la-gran-muralla-verde-1024x512.jpeg\" alt=\"\" class=\"wp-image-2205\" srcset=\"https:\/\/revista.puertadeafrica.com\/wp-content\/uploads\/2021\/02\/la-gran-muralla-verde-1024x512.jpeg 1024w, https:\/\/revista.puertadeafrica.com\/wp-content\/uploads\/2021\/02\/la-gran-muralla-verde-300x150.jpeg 300w, https:\/\/revista.puertadeafrica.com\/wp-content\/uploads\/2021\/02\/la-gran-muralla-verde-768x384.jpeg 768w, https:\/\/revista.puertadeafrica.com\/wp-content\/uploads\/2021\/02\/la-gran-muralla-verde.jpeg 1280w\" sizes=\"(max-width: 1024px) 100vw, 1024px\" \/><figcaption>Gran Muralla Verde de \u00c1frica \/ THE GREAT GREEN WALL<\/figcaption><\/figure>\n\n\n\n<p>La Uni\u00f3n Africana lidera una iniciativa ambiciosa ante la amenaza de la desertificaci\u00f3n en la zona del Sahel.<\/p>\n\n\n\n<p>La preocupaci\u00f3n por el proceso de desertificaci\u00f3n ha sido contemplada en diversas ocasiones por los l\u00edderes africanos durante las \u00faltimas d\u00e9cadas.&nbsp;<a href=\"https:\/\/www.unccd.int\/sites\/default\/files\/relevant-links\/2017-08\/UNCCD_Convention_text_SPA.pdf\">La Convenci\u00f3n de las Naciones Unidas de Lucha contra la Desertificaci\u00f3n (UNCCD)<\/a>&nbsp;define este proceso como la \u201cdegradaci\u00f3n de las tierras de zonas \u00e1ridas, semi\u00e1ridas y subh\u00famedas secas resultante de diversos factores, tales como las variaciones clim\u00e1ticas y las actividades humanas\u201d. Las problem\u00e1ticas que esta situaci\u00f3n implica son varias, desde la esterilidad del suelo hasta el aumento de las temperaturas, pasando por el incremento de las inclemencias clim\u00e1ticas y sus consecuentes hambrunas.<\/p>\n\n\n\n<p>Ante tan compleja problem\u00e1tica, diversos proyectos han aparecido para intentar paliar el avance de la desertificaci\u00f3n. En Kenia, la Premio Nobel Wangari Maathai impuls\u00f3 en 1977&nbsp;<a href=\"http:\/\/www.greenbeltmovement.org\/who-we-are\/our-history\">The Green Belt Movement<\/a>. A principios de los a\u00f1os 80, el burkinab\u00e9&nbsp;<a href=\"https:\/\/www.rightlivelihoodaward.org\/laureates\/yacouba-sawadogo\/\">Yacouba Sawadogo<\/a>&nbsp;volvi\u00f3 a su pueblo natal con la misi\u00f3n de cultivar la tierra est\u00e9ril y volverla f\u00e9rtil mediante el uso del za\u00ef, una t\u00e9cnica de cultivo tradicional de la regi\u00f3n. D\u00e9cadas m\u00e1s tarde, en 2007 se pon\u00eda nombre y objetivos a la Gran Muralla Verde (GMV). Nacida en \u00c1frica y liderada por los pa\u00edses africanos,&nbsp;<a href=\"https:\/\/www.greatgreenwall.org\/about-great-green-wall\">la GMV parte de la ambici\u00f3n<\/a>&nbsp;de \u201chacer crecer una maravilla natural del mundo de 8.000 km a lo ancho de \u00c1frica\u201d en la zona del Sahel que sirva como muro de contenci\u00f3n al aumento del desierto del Sahara, que en los&nbsp;<a href=\"https:\/\/elpais.com\/sociedad\/2019\/03\/13\/actualidad\/1552501166_428184.htm\">\u00faltimos cien a\u00f1os ha crecido un 10%<\/a>.<\/p>\n\n\n\n<p>M\u00e1s que cualquier otro lugar de la Tierra, el Sahel es v\u00edctima del cambio clim\u00e1tico:&nbsp;<a href=\"https:\/\/qz.com\/africa\/1719442\/west-africas-sahel-vulnerable-to-climate-change-bad-governance\/\">seg\u00fan la&nbsp;<\/a><a href=\"https:\/\/qz.com\/africa\/1719442\/west-africas-sahel-vulnerable-to-climate-change-bad-governance\/\">ONU<\/a>, el aumento de temperatura en la regi\u00f3n est\u00e1 siendo 1,5 veces m\u00e1s r\u00e1pido que el promedio mundial. En todo el Sahel, el 80% de la tierra se considera degradada, es decir, ha perdido su productividad biol\u00f3gica o econ\u00f3mica.<\/p>\n\n\n\n<p>Las causas son m\u00faltiples, pero si tenemos en cuenta el calentamiento global y la sistem\u00e1tica sobreexplotaci\u00f3n de la tierra durante las \u00faltimas d\u00e9cadas podemos llegar a entender c\u00f3mo donde hace unos a\u00f1os crec\u00eda el verde, ahora hay cada vez m\u00e1s hambrunas. Desde la d\u00e9cada de 1970, periodos de extrema sequ\u00eda han afectado esta regi\u00f3n conocida como el \u201ccintur\u00f3n del hambre\u201d.&nbsp;<a href=\"https:\/\/elpais.com\/sociedad\/2019\/03\/13\/actualidad\/1552501166_428184.html\">Los expertos<\/a>&nbsp;ya no hablan de hambrunas por falta de lluvias, sino de \u201ccrisis alimentaria estructural y omnipresente\u201d.<\/p>\n\n\n\n<p>A ello se suman las predicciones de las&nbsp;<a href=\"http:\/\/www.ieee.es\/Galerias\/fichero\/docs_opinion\/2019\/DIEEEO61_2019LAUTOR_demografia_ENG.pdf\">Naciones Unidas, que apuntan<\/a>&nbsp;que la poblaci\u00f3n del Sahel se triplicar\u00e1, pasando de los 75 millones actuales a casi 200 millones en 2050. Estos millones de personas, de los cuales entre el 60 y el 70% son menores de 25 a\u00f1os, se enfrentan a un futuro incierto debido a la p\u00e9rdida de medios de vida y a la pr\u00e1ctica inexistencia de empleo.<\/p>\n\n\n\n<p>Estas perspectivas econ\u00f3micas, que seg\u00fan c\u00e1lculos de las Naciones Unidas podr\u00edan forzar a emigrar a unos 60 millones de personas en los pr\u00f3ximos 5 a\u00f1os, son \u201cun terreno de reclutamiento f\u00e9rtil para grupos terroristas que atraen a personas no solo desilusionadas, sino desesperadas\u201d \u2013<a href=\"https:\/\/www.xlsemanal.com\/conocer\/sociedad\/20190913\/cambio-climatico-desertizacion-sequia-plantacion-arboles-africa-lago-chad-muro-verde.html#:~:text=El%252080%2520por%2520ciento%2520de,tendr%25C3%25A1%2520menos%2520de%252025%2520a%25C3%25B1os.\">explica Ibrahim Thiaw<\/a>, secretario ejecutivo de la Convenci\u00f3n de la ONU para Combatir la Desertificaci\u00f3n (UNCCD), que supervisa la Gran Muralla Verde. Bajo esta mirada, el cambio clim\u00e1tico y la desertificaci\u00f3n en el Sahel no son \u00fanicamente un desastre medioambiental.<\/p>\n\n\n\n<p>La Gran Muralla Verde&nbsp;<a href=\"https:\/\/www.greatgreenwall.org\/about-great-green-wall\">promete solucionar<\/a>&nbsp;muchas de las amenazas urgentes que enfrenta el continente africano: el cambio clim\u00e1tico, la sequ\u00eda, el hambre, los conflictos, la falta de empleo y la migraci\u00f3n. La Uni\u00f3n Africana y la&nbsp;<a href=\"http:\/\/www.fao.org\/3\/ap603e\/ap603e.pdf\">Organizaci\u00f3n de las Naciones Unidas para la Agricultura y la Alimentaci\u00f3n<\/a>&nbsp;(FAO) se refieren a la Gran Muralla Verde como \u201cla iniciativa emblem\u00e1tica de \u00c1frica para combatir la degradaci\u00f3n de la tierra, la desertificaci\u00f3n y la sequ\u00eda\u201d. Seg\u00fan sus impulsores, la iniciativa apoya&nbsp;<a href=\"https:\/\/www.greatgreenwall.org\/2030ambition\">15 de los 17 Objetivos del&nbsp;<\/a><a href=\"https:\/\/www.greatgreenwall.org\/2030ambition\">Desarrollo Sostenible (ODS) de las Naciones Unidas<\/a>.<\/p>\n\n\n\n<div class=\"wp-block-image\"><figure class=\"aligncenter\"><img decoding=\"async\" src=\"http:\/\/blog.africavive.es\/wp-content\/uploads\/2020\/10\/Foto-art%C3%ADculo-GMV-300x143.png\" alt=\"\" class=\"wp-image-10081\" title=\"\"\/><\/figure><\/div>\n\n\n\n<p>Muchos han criticado el proyecto de la GMV por ser poco realista. La consecuci\u00f3n del proyecto se asoci\u00f3 a la&nbsp;<a href=\"https:\/\/www.un.org\/sustainabledevelopment\/es\/development-agenda\/\">Agenda 2030 de las Naciones Unidas<\/a>, lo que implicaba un ritmo de regeneraci\u00f3n de 5 millones de hect\u00e1reas anuales. Ante esta realidad, la Uni\u00f3n Africana propuso una fecha menos ambiciosa, que es la que marca la&nbsp;<a href=\"https:\/\/au.int\/en\/agenda2063\">Agenda 2063<\/a>.<\/p>\n\n\n\n<p>Por su parte,&nbsp;<a href=\"https:\/\/www.iagua.es\/noticias\/fundacion-we-are-water\/sahel-desertificacion-mas-alla-sequia\">los ec\u00f3logos criticaron<\/a>&nbsp;la falta de rigor cient\u00edfico. Reivindicaron que la \u201csoluci\u00f3n no era \u201cplantar \u00e1rboles\u201d, como principalmente planteaba el proyecto, sino que deb\u00eda optarse por la regeneraci\u00f3n natural de la tierra e identificar la flora de cada zona para protegerla\u201d. Tambi\u00e9n se critic\u00f3 la GMV por falta de una visi\u00f3n pr\u00e1ctica.&nbsp;<a href=\"https:\/\/www.dw.com\/en\/what-happened-to-africas-ambitious-green-belt-project\/a-53004690\">Seg\u00fan Naciones Unidas<\/a>, a d\u00eda de hoy, la iniciativa solo ha alcanzado el 15% de sus objetivos. Esto se debe, en parte, a que muchos de estos \u00e1rboles se plantaron en zonas deshabitadas, por lo que result\u00f3 dif\u00edcil mantener vivas las zonas restauradas.<\/p>\n\n\n\n<p>La idea de la GMV ha ido evolucionando para volverse m\u00e1s sostenible otorgando, por ejemplo, m\u00e1s protagonismo a las t\u00e9cnicas ind\u00edgenas de uso de la tierra. Seg\u00fan el especialista ambiental de la&nbsp;<a href=\"https:\/\/www.thegef.org\/\">Global Environment Facility<\/a>, <a href=\"https:\/\/www.thegef.org\/people\/mohamed-bakarr\">Mohamed Bakarr<\/a>, la GMV \u201cya no es necesariamente un muro f\u00edsico, sino m\u00e1s bien un&nbsp;<a href=\"https:\/\/www.smithsonianmag.com\/science-nature\/great-green-wall-stop-desertification-not-so-much-180960171\/\">mosaico de pr\u00e1cticas<\/a>&nbsp;de uso de la tierra\u201d. La visi\u00f3n de la Gran Muralla Verde ha cambiado y f\u00edsicamente dejar\u00e1 de ser una l\u00ednea verde al borde del desierto.<\/p>\n\n\n\n<p>Proyectos como la Gran Muralla Verde tienen el potencial de actuar sobre distintas problem\u00e1ticas, frenando la p\u00e9rdida de biodiversidad y reforzando las capacidades de las poblaciones del Sahel. Las revisiones y mejoras implementadas demuestran flexibilidad por parte de los gobiernos y una verdadera intenci\u00f3n de conseguir un impacto positivo tanto a nivel clim\u00e1tico y de paisaje como para la poblaci\u00f3n y la recuperaci\u00f3n de territorios y pr\u00e1cticas aut\u00f3ctonas.<\/p>\n\n\n\n<p>A pesar de la dificultad de cumplir los ambiciosos objetivos del proyecto a tiempo, la GMV&nbsp;&nbsp;<a href=\"https:\/\/www.iagua.es\/noticias\/fundacion-we-are-water\/sahel-desertificacion-mas-alla-sequia\">ha conseguido<\/a> aglutinar \u201ca gobiernos y comunidades en un compromiso com\u00fan para luchar contra la desertificaci\u00f3n y avanzar en la lucha contra la pobreza.\u201d La Uni\u00f3n Africana, que sigue liderando el proyecto, tendr\u00e1 que tener en cuenta los aprendizajes de la GMV, que ser\u00e1n valiosos para futuros proyectos de restauraci\u00f3n del potencial biol\u00f3gico y econ\u00f3mico de la tierra en el continente.<\/p>\n\n\n\n<hr class=\"wp-block-separator\"\/>\n\n\n\n<p><strong>Bibliograf\u00eda<\/strong><\/p>\n\n\n\n<p>FAO. (n.d.).&nbsp;<em>Great Green Wall for the Sahara and the Sahel initiative<\/em>. Recuperado de:&nbsp;<a href=\"http:\/\/www.fao.org\/3\/ap603e\/ap603e.pdf\">http:\/\/www.fao.org\/3\/ap603e\/ap603e.pdf<\/a><\/p>\n\n\n\n<p>Fundaci\u00f3n We Are Water. (2019). El Sahel, la desertificaci\u00f3n m\u00e1s all\u00e1 de la sequ\u00eda. En&nbsp;<em>iAgua<\/em>. Recuperado de:&nbsp;<a href=\"https:\/\/www.iagua.es\/noticias\/fundacion-we-are-water\/sahel-desertificacion-mas-alla-sequia\">https:\/\/www.iagua.es\/noticias\/fundacion-we-are-water\/sahel-desertificacion-mas-alla-sequia<\/a><\/p>\n\n\n\n<p>Global Environment Facility. (2020). About Us. En&nbsp;<em>GEF<\/em>. Recuperado de:&nbsp;<a href=\"https:\/\/www.thegef.org\/about-us\">https:\/\/www.thegef.org\/about-us<\/a><\/p>\n\n\n\n<p>Great Green Wall. (n.d.). The Great Green Wall. Recuperado de:&nbsp;&nbsp;<a href=\"https:\/\/www.greatgreenwall.org\/about-great-green-wall\">https:\/\/www.greatgreenwall.org<\/a>\/<\/p>\n\n\n\n<p>Green Belt Movement. (2020). Our History. En&nbsp;<em>The Green Belt Movement<\/em>. Recuperado de:&nbsp;<a href=\"http:\/\/www.greenbeltmovement.org\/who-we-are\/our-history\">http:\/\/www.greenbeltmovement.org\/who-we-are\/our-history<\/a><\/p>\n\n\n\n<p>Morrison, J. (2016). The \u201cGreat Green Wall\u201d Didn\u2019t Stop the Desertification, but it Evolved into Something That Might. En&nbsp;<em>Smithsonian Magazine<\/em>. Recuperado de:&nbsp;<a href=\"https:\/\/www.smithsonianmag.com\/science-nature\/great-green-wall-stop-desertification-not-so-much-180960171\/\">https:\/\/www.smithsonianmag.com\/science-nature\/great-green-wall-stop-desertification-not-so-much-180960171\/<\/a><\/p>\n\n\n\n<p>Naranjo, J. (2019). El desierto y el hambre avanzan de la mano del Sahel. En&nbsp;<em>El Pa\u00eds<\/em>. Recuperado de:&nbsp;<a href=\"https:\/\/elpais.com\/sociedad\/2019\/03\/13\/actualidad\/1552501166_428184.html\">https:\/\/elpais.com\/sociedad\/2019\/03\/13\/actualidad\/1552501166_428184.html<\/a><\/p>\n\n\n\n<p>Penney, J. (2019). West Africa\u2019s Sahel region is especially vulnerable to climate change but also weak governance. En&nbsp;<em>Quartz Africa<\/em>. Recuperado de:&nbsp;<a href=\"https:\/\/qz.com\/africa\/1719442\/west-africas-sahel-vulnerable-to-climate-change-bad-governance\/\">https:\/\/qz.com\/africa\/1719442\/west-africas-sahel-vulnerable-to-climate-change-bad-governance\/<\/a><\/p>\n\n\n\n<p>Right Livelihood Foundation. (2016). Yakouba Sawadogo. Recuperado de:&nbsp;<a href=\"https:\/\/www.rightlivelihoodaward.org\/laureates\/yacouba-sawadogo\/\">https:\/\/www.rightlivelihoodaward.org\/laureates\/yacouba-sawadogo\/<\/a><\/p>\n\n\n\n<p>Shute, J. (n.d.). Un muro verde para frenar la desertizaci\u00f3n en \u00c1frica. En&nbsp;<em>XLSemanal<\/em>. Recuperado de:&nbsp;<a href=\"https:\/\/www.xlsemanal.com\/conocer\/sociedad\/20190913\/cambio-climatico-desertizacion-sequia-plantacion-arboles-africa-lago-chad-muro-verde.html\">https:\/\/www.xlsemanal.com\/conocer\/sociedad\/20190913\/cambio-climatico-desertizacion-sequia-plantacion-arboles-africa-lago-chad-muro-verde.html<\/a><\/p>\n\n\n\n<p>Torres Saavedra, L. (2019).&nbsp;<em>The demographic explosion in the Sahel region: its governance\u2019s new challenge<\/em>. En IEEE. Recuperado de:&nbsp;<a href=\"http:\/\/www.ieee.es\/Galerias\/fichero\/docs_opinion\/2019\/DIEEEO61_2019LAUTOR_demografia_ENG.pdf\">http:\/\/www.ieee.es\/Galerias\/fichero\/docs_opinion\/2019\/DIEEEO61_2019LAUTOR_demografia_ENG.pdf<\/a><\/p>\n\n\n\n<p>UNCCD. (1994).&nbsp;<em>Convenci\u00f3n de las Naciones Unidas de lucha contra la desertificaci\u00f3n<\/em>. Recuperado de:&nbsp;<a href=\"https:\/\/www.unccd.int\/sites\/default\/files\/relevant-links\/2017-08\/UNCCD_Convention_text_SPA.pdf\">https:\/\/www.unccd.int\/sites\/default\/files\/relevant-links\/2017-08\/UNCCD_Convention_text_SPA.pdf<\/a><\/p>\n","protected":false},"excerpt":{"rendered":"<p>Primer premio del Concurso de Art\u00edculos \u00abEl Cambio Clim\u00e1tico en \u00c1frica\u00bb (2020), impulsado por Puerta de \u00c1frica con la colaboraci\u00f3n de Casa \u00c1frica. Publicado originalmente en el Blog \u00c1frica Vive. Carina Garc\u00eda y Elena Serra<\/p>\n","protected":false},"author":1,"featured_media":2209,"comment_status":"open","ping_status":"open","sticky":false,"template":"","format":"standard","meta":{"_monsterinsights_skip_tracking":false,"_monsterinsights_sitenote_active":false,"_monsterinsights_sitenote_note":"","_monsterinsights_sitenote_category":0},"categories":[87,115],"tags":[],"ppma_author":[410],"authors":[{"term_id":410,"user_id":1,"is_guest":0,"slug":"euroafricanosgmail-com","display_name":"Puerta de \u00c1frica","avatar_url":"https:\/\/secure.gravatar.com\/avatar\/30261d3042a5e4511155af09db6775f2?s=96&d=mm&r=g","first_name":"Puerta de \u00c1frica","last_name":"","user_url":"http:\/\/revista.puertadeafrica.com","job_title":"","description":"La Puerta de \u00c1frica es un Think and Do Tank Juvenil que busca acercar \u00c1frica a Espa\u00f1a y promover el intercambio intelectual entre j\u00f3venes africanos y europeos en aras del desarrollo."}],"_links":{"self":[{"href":"https:\/\/revista.puertadeafrica.com\/index.php\/wp-json\/wp\/v2\/posts\/1592"}],"collection":[{"href":"https:\/\/revista.puertadeafrica.com\/index.php\/wp-json\/wp\/v2\/posts"}],"about":[{"href":"https:\/\/revista.puertadeafrica.com\/index.php\/wp-json\/wp\/v2\/types\/post"}],"author":[{"embeddable":true,"href":"https:\/\/revista.puertadeafrica.com\/index.php\/wp-json\/wp\/v2\/users\/1"}],"replies":[{"embeddable":true,"href":"https:\/\/revista.puertadeafrica.com\/index.php\/wp-json\/wp\/v2\/comments?post=1592"}],"version-history":[{"count":2,"href":"https:\/\/revista.puertadeafrica.com\/index.php\/wp-json\/wp\/v2\/posts\/1592\/revisions"}],"predecessor-version":[{"id":2206,"href":"https:\/\/revista.puertadeafrica.com\/index.php\/wp-json\/wp\/v2\/posts\/1592\/revisions\/2206"}],"wp:featuredmedia":[{"embeddable":true,"href":"https:\/\/revista.puertadeafrica.com\/index.php\/wp-json\/wp\/v2\/media\/2209"}],"wp:attachment":[{"href":"https:\/\/revista.puertadeafrica.com\/index.php\/wp-json\/wp\/v2\/media?parent=1592"}],"wp:term":[{"taxonomy":"category","embeddable":true,"href":"https:\/\/revista.puertadeafrica.com\/index.php\/wp-json\/wp\/v2\/categories?post=1592"},{"taxonomy":"post_tag","embeddable":true,"href":"https:\/\/revista.puertadeafrica.com\/index.php\/wp-json\/wp\/v2\/tags?post=1592"},{"taxonomy":"author","embeddable":true,"href":"https:\/\/revista.puertadeafrica.com\/index.php\/wp-json\/wp\/v2\/ppma_author?post=1592"}],"curies":[{"name":"wp","href":"https:\/\/api.w.org\/{rel}","templated":true}]}}