{"id":1950,"date":"2021-01-20T19:47:36","date_gmt":"2021-01-20T19:47:36","guid":{"rendered":"https:\/\/puertadeafrica.wordpress.com\/?p=1931"},"modified":"2021-03-12T22:10:33","modified_gmt":"2021-03-12T22:10:33","slug":"mas-alla-de-la-cooperacion-sur-sur-africa-y-cuba","status":"publish","type":"post","link":"https:\/\/revista.puertadeafrica.com\/index.php\/2021\/01\/20\/mas-alla-de-la-cooperacion-sur-sur-africa-y-cuba\/","title":{"rendered":"M\u00e1s all\u00e1 de la Cooperaci\u00f3n SUR-SUR: \u00c1frica y Cuba."},"content":{"rendered":"\n<div class=\"wp-block-image\"><figure class=\"aligncenter size-large\"><img fetchpriority=\"high\" decoding=\"async\" width=\"943\" height=\"1024\" src=\"https:\/\/revista.puertadeafrica.com\/wp-content\/uploads\/2021\/02\/01maharaj2-inyt-superjumbo-1-1-943x1024.jpg\" alt=\"\" class=\"wp-image-2162\" srcset=\"https:\/\/revista.puertadeafrica.com\/wp-content\/uploads\/2021\/02\/01maharaj2-inyt-superjumbo-1-1-943x1024.jpg 943w, https:\/\/revista.puertadeafrica.com\/wp-content\/uploads\/2021\/02\/01maharaj2-inyt-superjumbo-1-1-276x300.jpg 276w, https:\/\/revista.puertadeafrica.com\/wp-content\/uploads\/2021\/02\/01maharaj2-inyt-superjumbo-1-1-768x834.jpg 768w, https:\/\/revista.puertadeafrica.com\/wp-content\/uploads\/2021\/02\/01maharaj2-inyt-superjumbo-1-1-1414x1536.jpg 1414w, https:\/\/revista.puertadeafrica.com\/wp-content\/uploads\/2021\/02\/01maharaj2-inyt-superjumbo-1-1.jpg 1477w\" sizes=\"(max-width: 943px) 100vw, 943px\" \/><figcaption>Nelson Mandela con Fidel Castro en Cuba en 1991. <strong>Fuente: Omar Torres\/Agence France-Presse\u2014Getty Images<\/strong><\/figcaption><\/figure><\/div>\n\n\n\n<p><strong>Ante las adversidades del actual panorama internacional, los lazos entre Cuba y \u00c1frica siguen siendo m\u00e1s fuertes que nunca. La pandemia provocada por el virus SARS-CoV-2 ha sido motivo de cooperaci\u00f3n y solidaridad de la isla caribe\u00f1a con el continente africano. La ayuda m\u00e9dica cubana lleg\u00f3 a Togo, Cabo Verde, Angola y Sud\u00e1frica, siendo este \u00faltimo el pa\u00eds africano que ha registrado m\u00e1s infectados por SARS-CoV-2. Pero la presencia de Cuba no es reciente en el continente, el pa\u00eds caribe\u00f1o ha estado presente desde la d\u00e9cada de los a\u00f1os 60, cuando los pa\u00edses africanos comenzaban a transitar hacia la independencia.<\/strong><\/p>\n\n\n\n<p>A lo largo de casi sesenta a\u00f1os, la actividad de Cuba en \u00c1frica ha abordado diferentes v\u00edas en la cooperaci\u00f3n. Desde la tecnol\u00f3gica, m\u00e9dica y educativa, hasta la militar. De esta manera, los lazos entre cubanos y africanos se han ido haciendo m\u00e1s fuertes, siendo Cuba el pa\u00eds latinoamericano con mayor presencia en \u00c1frica en materia de cooperaci\u00f3n t\u00e9cnica y profesional, seg\u00fan dijo el propio Ministerio de Relaciones Exteriores de Cuba en 2019.<\/p>\n\n\n\n<p>Para hablar de cooperaci\u00f3n Sur-Sur se debe indagar en el pasado hist\u00f3rico de los pa\u00edses del sur global. En primer lugar, hay que abordar el siglo XIX, cuando ocurrieron las independencias de las colonias americanas, produciendo un cambio sustancial en los sistemas pol\u00edticos en esos momentos. Pero a\u00fan no se puede hablar de lazos y relaciones entre pa\u00edses del sur en dicho momento. Las relaciones de las reci\u00e9n nacidas naciones latinoamericanas con pa\u00edses del continente africano y asi\u00e1tico eran mediante las naciones europeas. No fue hasta despu\u00e9s de la Segunda Guerra Mundial, espec\u00edficamente a finales de los a\u00f1os 50 y durante los 60, cuando se dieron los movimientos emancipadores en \u00c1frica, que fueron el origen de la mayor\u00eda de los pa\u00edses que conocemos hoy en d\u00eda.&nbsp;<\/p>\n\n\n\n<p>La descolonizaci\u00f3n signific\u00f3 el nacimiento de nuevos actores internacionales. Lo que llev\u00f3 a los pa\u00edses a formar diferentes bloques, adem\u00e1s de reuniones que les permitieron mantener una postura, cuyo objetivo principal fue la lucha contra el colonialismo y la autodeterminaci\u00f3n de los pueblos. Muestra de ello fueron la Conferencia de Bandung (1955), el Movimiento de Pa\u00edses No Alineados (1961), el Grupo de los 77 (1964), adem\u00e1s de la Primera Conferencia Tricontinental llevada a cabo en la Ciudad de La Habana (1966), de la cual surgi\u00f3 la OSPAAAL (Organizaci\u00f3n de Solidaridad con los Pueblos de Am\u00e9rica Latina, Asia y \u00c1frica). De esta forma, los pa\u00edses del sur quer\u00edan hacer frente a las asimetr\u00edas con los pa\u00edses del Norte. As\u00ed, se prioriz\u00f3 la cooperaci\u00f3n y el apoyo entre pa\u00edses del Sur.&nbsp;<\/p>\n\n\n\n<p><strong>Los lazos Cuba-\u00c1frica; m\u00e1s all\u00e1 de la cooperaci\u00f3n.&nbsp;<\/strong><\/p>\n\n\n\n<p>El triunfo de la revoluci\u00f3n cubana en 1959 coincidi\u00f3 con la primera oleada de independencias africanas de la d\u00e9cada de los a\u00f1os 60. Ante tal situaci\u00f3n, Cuba deb\u00eda renovar su pol\u00edtica exterior y deb\u00eda buscar c\u00f3mo relacionarse con \u00c1frica. Hasta antes de la revoluci\u00f3n cubana, el pa\u00eds manten\u00eda relaciones con Egipto y Etiop\u00eda, \u00fanicas naciones soberanas del continente.<\/p>\n\n\n\n<p>Adem\u00e1s, Cuba impuls\u00f3 a las naciones m\u00e1s peque\u00f1as a formar parte del escenario internacional. Antonio Romero, catedr\u00e1tico de la Universidad de La Habana, menciona que \u201c<em>desde el propio triunfo de la Revoluci\u00f3n, Cuba se fue convirtiendo en un pa\u00eds con muy alto nivel de participaci\u00f3n en acciones, proyectos y programas de cooperaci\u00f3n, fundamentalmente a favor de otras naciones en desarrollo, lo que se conoce como \u201ccooperaci\u00f3n Sur-Sur\u201d<\/em><em>.<\/em><\/p>\n\n\n\n<p>Esta forma de cooperaci\u00f3n internacional se apoya en los principios de la pol\u00edtica exterior cubana, que son los siguientes: el antiimperialismo, la autodeterminaci\u00f3n, la solidaridad y la justicia internacional. La primera manifestaci\u00f3n antiimperialista, acompa\u00f1ada del internacionalismo, la solidaridad y la cooperaci\u00f3n ocurri\u00f3 en \u00c1frica, con la lucha por la liberaci\u00f3n de Argelia. Fue en 1961 cuando el Frente de Liberaci\u00f3n Nacional Argelino estableci\u00f3 contacto con Cuba y, para el a\u00f1o de 1962, Cuba env\u00edo una brigada con especialistas y t\u00e9cnicos en el \u00e1rea de la salud.<a rel=\"noreferrer noopener\" href=\"https:\/\/www.ecsaharaui.com\/2020\/05\/cuba-y-argelia-una-historia-de.html\" target=\"_blank\"> La agencia period\u00edstica ECSAHARAUI menciona&nbsp; que<\/a> <em>\u201csi bien Argelia marc\u00f3 el comienzo del internacionalismo sanitario con poco m\u00e1s de medio centenar de cubanos, 57 a\u00f1os despu\u00e9s, el pa\u00eds del norte de \u00c1frica mantiene ahora a m\u00e1s de 850 colaboradores\u201d.&nbsp;<\/em><\/p>\n\n\n\n<p>De igual forma, en la d\u00e9cada de los 70 otra naci\u00f3n con la que Cuba mantuvo contacto fue Angola, pues en 1975 el Movimiento Para la Liberaci\u00f3n de Angola (MPLA), que se defin\u00eda como antiimperialista y anticolonial, pidi\u00f3 ayuda a pa\u00edses socialistas, entre ellos a Cuba. Ese mismo a\u00f1o, el 10 de Noviembre de 1975, Agostinho Neto anunciaba el nacimiento de la Rep\u00fablica Popular de Angola. De forma posterior, en los a\u00f1os 1987 y 1988, tuvo lugar la Batalla de Cuito Cuanavale, que fue de vital importancia para la historia de \u00c1frica, ya que con el apoyo de 40 mil soldados cubanos, 30 mil angole\u00f1os, artiller\u00eda pesada y aviones de caza MIG-23, se logr\u00f3 replegar a las fuerzas del <em>apartheid <\/em>sudafricanas. La derrota de Sud\u00e1frica signific\u00f3 el debilitamiento del r\u00e9gimen del <em>apartheid <\/em>al interior de aquel pa\u00eds, adem\u00e1s de la consolidaci\u00f3n de la independencia de Angola y los albores de la independencia de Namibia.<\/p>\n\n\n\n<p>Asimismo, el r\u00e9gimen cubano mantuvo fuertes relaciones con los padres de las luchas de las independencias africanas, con figuras como <strong>Patrice Lumumba, Julius Nyerere, Kwame Nkrumah, Samora Machel, Sam Nujoma y Amilcar Cabral<\/strong>, por mencionar algunos. Una de las figuras m\u00e1s representativas de la lucha por los derechos en \u00c1frica fue Nelson Mandela, que en su momento agradeci\u00f3 a Cuba por el apoyo a la lucha contra el Apartheid. Mandela, en una visita a La Habana en 1991, mencion\u00f3 que <em>&nbsp;\u201cestamos siendo aconsejados sobre Cuba por aquellos que han estado apoyando el r\u00e9gimen del apartheid durante 40 a\u00f1os\u2026 Ning\u00fan hombre o mujer de honor se dejar\u00eda aconsejar jam\u00e1s por personas que nunca se preocuparon por ellos en los tiempos m\u00e1s complicados\u201d.&nbsp;<\/em><\/p>\n\n\n\n<p>La pol\u00edtica exterior cubana ha sido ligada permanente con \u00c1frica y se han adaptado a las circunstancias y condiciones cambiantes del escenario internacional. <a rel=\"noreferrer noopener\" href=\"http:\/\/www.granma.cu\/mundo\/2018-03-15\/por-que-la-habana-es-la-capital-de-america-latina-con-mas-embajadas-africanas-15-03-2018-23-03-08\" target=\"_blank\">Actualmente, Cuba mantiene relaciones diplom\u00e1ticas con 54 Estados del continente africano, mientras que en la Ciudad de La Habana existen 22 misiones diplom\u00e1ticas de Alto nivel.&nbsp;<\/a><\/p>\n\n\n\n<p><strong>El Programa Integral de Salud cubano implementado en \u00c1frica<\/strong><\/p>\n\n\n\n<p>Hoy en d\u00eda, Cuba tiene desplegados en los pa\u00edses africanos programas sanitarios como el <a rel=\"noreferrer noopener\" href=\"https:\/\/www.medigraphic.com\/pdfs\/revcubsalpubint\/spi-2010\/spi101g.pdf\" target=\"_blank\">Programa Integral de Salud (PIS)<\/a>, presente en 23 pa\u00edses al sur del S\u00e1hara y en los que se trabaja en conjunto para combatir enfermedades como la malaria.<a rel=\"noreferrer noopener\" href=\"http:\/\/www.cubadebate.cu\/especiales\/2020\/09\/17\/sin-fronteras-la-experiencia-medica-de-cuba-en-africa-subsahariana\/#.X64d42hKjIW\" target=\"_blank\"> <\/a><a href=\"http:\/\/www.cubadebate.cu\/especiales\/2020\/09\/17\/sin-fronteras-la-experiencia-medica-de-cuba-en-africa-subsahariana\/#.X64d42hKjIW\" target=\"_blank\" rel=\"noreferrer noopener\">Yoslan Silvero se\u00f1ala que, <em>\u201ccon respecto a la lucha contra la malaria, la Comunidad Econ\u00f3mica de Estados del \u00c1frica Occidental (CEDEAO) acept\u00f3 aplicar la tecnolog\u00eda, los productos y los especialistas cubanos como muestra de la efectividad en la aplicaci\u00f3n del programa antivectorial en Ghana<sup> <\/sup>y Angola\u201d.<\/em>&nbsp;<\/a><\/p>\n\n\n\n<p>Del mismo modo, el Programa Integral de Salud ha brindado capacitaci\u00f3n y ha formado a m\u00e9dicos en el continente africano. Adem\u00e1s, una parte de los j\u00f3venes africanos se han podido formar en el \u00e1rea m\u00e9dica gracias a la cooperaci\u00f3n entre pa\u00edses. Enrique Baldarra\u00edn, investigador del Centro Nacional de Informaci\u00f3n de Ciencias M\u00e9dicas de La Habana, se\u00f1ala que \u201cen Santiago de Cuba, se inaugur\u00f3 en 1999 la&nbsp;<em>Escuela Caribe\u00f1a de Medicina<\/em>, donde estudiaban 254 j\u00f3venes haitianos y 51 malienses, en el mismo curso\u201d. La formaci\u00f3n m\u00e9dica recibida va m\u00e1s all\u00e1 de brindar asistencia a la salud, se ha centrado tambi\u00e9n, por ejemplo, en el campo de la investigaci\u00f3n biom\u00e9dica. Este programa sanitario desarrollado por Cuba tiene presencia en los siguientes 23 pa\u00edses del continente africano: Botsuana, Burkina Faso, Burundi, Congo, Djibouti, Etiop\u00eda, Eritrea, Gambia, Ghana, Guinea Bissau, Guinea Conakry, Guinea Ecuatorial, Lesotho, Mal\u00ed, Namibia, N\u00edger, Rep\u00fablica \u00c1rabe Saharaui Democr\u00e1tica, Sao Tome y Principe, Sierra Leona, Reino de eSwatini, Tanzania y, Zimbabue.&nbsp;<\/p>\n\n\n\n<p>Adem\u00e1s del sector de la salud, entre los pa\u00edses africanos y Cuba tambi\u00e9n se han implementado otras formas de cooperaci\u00f3n. Por ejemplo, la educaci\u00f3n, pues se han posibilitado intercambios a partir de programas y becas a los estudiantes tanto de Cuba como de pa\u00edses africanos.<a href=\"http:\/\/www.uh.cu\/internacionalizacion\/cooperacion-internacional\" target=\"_blank\" rel=\"noreferrer noopener\"> Cabe destacar que la Universidad de La Habana mantiene convenios con universidades de 45 Estados africanos.<sup>&nbsp;<\/sup><\/a><sup>&nbsp;<\/sup><\/p>\n\n\n\n<p><strong>El SARS- CoV-2 y la llegada de m\u00e9dicos cubanos al continente africano.&nbsp;<\/strong><\/p>\n\n\n\n<p>Ante la pandemia provocada por el virus SARS-CoV-2, que ha afectado a millones de personas en el mundo entero, Cuba ha enviado una gran cantidad de m\u00e9dicos a diferentes pa\u00edses del mundo como muestra de solidaridad internacional. El periodista <a rel=\"noreferrer noopener\" href=\"https:\/\/www.aa.com.tr\/es\/mundo\/m%C3%A1s-de-100-m%C3%A9dicos-cubanos-viajan-a-%C3%A1frica-para-atender-pacientes-con-covid-19\/1901672#\" target=\"_blank\">Sergio Garc\u00eda mencion\u00f3 que \u201c<em>el ministro para las Relaciones Exteriores de Cuba, Bruno Rodr\u00edguez, inform\u00f3 que m\u00e1s de 100 m\u00e9dicos cubanos viajaron desde La Habana a Sierra Leona, Santo Tom\u00e9 y Pr\u00edncipe y Guinea Ecuatorial para apoyar la atenci\u00f3n de pacientes contagiados con la enfermedad del coronavirus (COVID-19)\u201d.&nbsp;<\/em><\/a><\/p>\n\n\n\n<p>A la llegada de los m\u00e9dicos, <a rel=\"noreferrer noopener\" href=\"https:\/\/es.euronews.com\/2020\/04\/27\/llegan-a-sudafrica-mas-de-200-medicos-cubanos-para-ayudar-contra-el-covid-19\" target=\"_blank\">el ministro de salud de Sud\u00e1frica<\/a><a href=\"https:\/\/es.euronews.com\/2020\/04\/27\/llegan-a-sudafrica-mas-de-200-medicos-cubanos-para-ayudar-contra-el-covid-19\" target=\"_blank\" rel=\"noreferrer noopener\">,<\/a><a rel=\"noreferrer noopener\" href=\"https:\/\/es.euronews.com\/2020\/04\/27\/llegan-a-sudafrica-mas-de-200-medicos-cubanos-para-ayudar-contra-el-covid-19\" target=\"_blank\"> Zwelini Mkihize, relat\u00f3 <em>\u00abcomo Cuba hizo en los dif\u00edciles tiempos del &#8216;apartheid&#8217;, ha vuelto, una vez m\u00e1s, a echar una mano al enviarnos profesionales sanitarios\u00bb<\/em><\/a><em>. <\/em>Los m\u00e9dicos que llegaron al pa\u00eds austral fueron desplegados por todo el territorio y se enfocaron en llevar pruebas gratuitas a las poblaciones m\u00e1s empobrecidas, adem\u00e1s de brindar asistencia mediante el despliegue de unidades m\u00f3viles para garantizar la atenci\u00f3n sanitaria adecuada.&nbsp;<\/p>\n\n\n\n<p>Como se ha desarrollado en el art\u00edculo, tanto Cuba como \u00c1frica se han beneficiado de la estrecha cooperaci\u00f3n que mantienen. A lo largo de casi 60 a\u00f1os Cuba ha enviado a un n\u00famero importante de especialistas y t\u00e9cnicos al continente africano. Con ello, se ha tratado de cubrir necesidades b\u00e1sicas en materia de salud, pero tambi\u00e9n lo han hecho en otras \u00e1reas como la educaci\u00f3n.&nbsp; Sud\u00e1frica, que es uno de los pa\u00edses con un peso significativo dentro de los pa\u00edses del Sur y tambi\u00e9n del sistema internacional, ha reconocido en varias ocasiones que la ayuda de Cuba fue vital para el debilitamiento del <em>apartheid <\/em>y, ahora, durante la pandemia, ha vuelto a agradecer el apoyo cubano. Es por ello que este pa\u00eds, junto con otros como Angola, Guinea Ecuatorial, Etiop\u00eda&nbsp; &#8211; por mencionar a algunos &#8211; colaboran en proyectos implementados por Cuba para que lleguen a m\u00e1s pa\u00edses de \u00c1frica. &nbsp;<\/p>\n\n\n\n<p><strong>Bibliograf\u00eda.<\/strong><strong>&nbsp;<\/strong><\/p>\n\n\n\n<p>Baldarra\u00edn, Enrique \u201cLa salud p\u00fablica en Cuba y su experiencia Internacional\u201d Scielo (2006), <a href=\"https:\/\/www.scielo.br\/scielo.php?script=sci_arttext&amp;pid=S0104-59702006000300008\">https:\/\/www.scielo.br\/scielo.php?script=sci_arttext&amp;pid=S0104-59702006000300008<\/a>&nbsp;<\/p>\n\n\n\n<p>Ecsaharaui, \u201cCuba y Argelia: una historia de solidaridad que comenz\u00f3 por la Salud\u201d (Mayo.2020): <a href=\"https:\/\/www.ecsaharaui.com\/2020\/05\/cuba-y-argelia-una-historia-de.html\">https:\/\/www.ecsaharaui.com\/2020\/05\/cuba-y-argelia-una-historia-de.html<\/a>&nbsp;<\/p>\n\n\n\n<p>Granma \u201c\u00bfPor qu\u00e9 La Habana es la capital de Am\u00e9rica Latina con m\u00e1s embajadas africanas? <a href=\"http:\/\/www.granma.cu\/mundo\/2018-03-15\/por-que-la-habana-es-la-capital-de-america-latina-con-mas-embajadas-africanas-15-03-2018-23-03-08\">http:\/\/www.granma.cu\/mundo\/2018-03-15\/por-que-la-habana-es-la-capital-de-america-latina-con-mas-embajadas-africanas-15-03-2018-23-03-08<\/a> (Consultado 10-11-2020).&nbsp;<\/p>\n\n\n\n<p>J\u00edmenez, Yiliam \u201cEl Programa Integral de Salud de Cuba. Un modelo de Cooperaci\u00f3n Sur-Sur\u201d <em>Media Graphic, <\/em>No.1 (2010), <a href=\"https:\/\/www.medigraphic.com\/pdfs\/revcubsalpubint\/spi-2010\/spi101g.pdf\">https:\/\/www.medigraphic.com\/pdfs\/revcubsalpubint\/spi-2010\/spi101g.pdf<\/a>&nbsp;<\/p>\n\n\n\n<p>Lechini, Gladis \u201cAm\u00e9rica Latina y \u00c1frica. Entre la solidaridad sur-sur y los propios intereses\u201d Scielo (2014), <a href=\"https:\/\/scielo.conicyt.cl\/scielo.php?script=sci_arttext&amp;pid=S0719-37692014000300003\">https:\/\/scielo.conicyt.cl\/scielo.php?script=sci_arttext&amp;pid=S0719-37692014000300003<\/a>&nbsp;<\/p>\n\n\n\n<p>Romero, Antonio \u201cLa pol\u00edtica exterior cubana y la actualizaci\u00f3n del modelo econ\u00f3mico en un entorno cambiante\u201d. Pensamiento Propio 45 (2017):83.&nbsp;&nbsp;<\/p>\n\n\n\n<p>Silvero, Yoslan \u201cSin fronteras: La experiencia m\u00e9dica de Cuba en \u00c1frica subsahariana\u201d <em>Cuba Debate <\/em>(2020), <a href=\"http:\/\/www.cubadebate.cu\/especiales\/2020\/09\/17\/sin-fronteras-la-experiencia-medica-de-cuba-en-africa-subsahariana\/#.X69YUGhKjIX\">http:\/\/www.cubadebate.cu\/especiales\/2020\/09\/17\/sin-fronteras-la-experiencia-medica-de-cuba-en-africa-subsahariana\/#.X69YUGhKjIX<\/a>&nbsp;<\/p>\n\n\n\n<p>Universidad de La Habana \u201cCooperaci\u00f3n Internacional\u201d <a href=\"http:\/\/www.uh.cu\/internacionalizacion\/cooperacion-internacional\">http:\/\/www.uh.cu\/internacionalizacion\/cooperacion-internacional<\/a> (Consultado 11-11-2020).&nbsp;<\/p>\n\n\n\n<p>Ministerio de Relaciones Exteriores de Cuba \u201cLa amistad que une a los pueblos africanos y cubanos\u201d<a href=\"http:\/\/misiones.minrex.gob.cu\/es\/articulo\/la-amistad-que-une-los-pueblos-africanos-y-cubanos-0\">http:\/\/misiones.minrex.gob.cu\/es\/articulo\/la-amistad-que-une-los-pueblos-africanos-y-cubanos-0<\/a> (Consultado 05-01-2021).&nbsp;<\/p>\n","protected":false},"excerpt":{"rendered":"<p>Ante las adversidades del actual panorama internacional, los lazos entre Cuba y \u00c1frica siguen siendo m\u00e1s fuertes que nunca.La pandemia provocada por el virus SARS-CoV-2 ha sido motivo de cooperaci\u00f3n y solidaridad de la isla caribe\u00f1a con el continente africano.<\/p>\n","protected":false},"author":22,"featured_media":2161,"comment_status":"open","ping_status":"open","sticky":false,"template":"","format":"standard","meta":{"_monsterinsights_skip_tracking":false,"_monsterinsights_sitenote_active":false,"_monsterinsights_sitenote_note":"","_monsterinsights_sitenote_category":0},"categories":[93,119],"tags":[],"ppma_author":[426],"authors":[{"term_id":426,"user_id":22,"is_guest":0,"slug":"arthurherxic","display_name":"Arturo Hern\u00e1ndez Xicoht\u00e9ncatl","avatar_url":"https:\/\/secure.gravatar.com\/avatar\/2df7c4d77ca1da2108a5cd9c6173f07f?s=96&d=mm&r=g","first_name":"J. Arturo","last_name":"Hern\u00e1ndez","user_url":"","job_title":"","description":""}],"_links":{"self":[{"href":"https:\/\/revista.puertadeafrica.com\/index.php\/wp-json\/wp\/v2\/posts\/1950"}],"collection":[{"href":"https:\/\/revista.puertadeafrica.com\/index.php\/wp-json\/wp\/v2\/posts"}],"about":[{"href":"https:\/\/revista.puertadeafrica.com\/index.php\/wp-json\/wp\/v2\/types\/post"}],"author":[{"embeddable":true,"href":"https:\/\/revista.puertadeafrica.com\/index.php\/wp-json\/wp\/v2\/users\/22"}],"replies":[{"embeddable":true,"href":"https:\/\/revista.puertadeafrica.com\/index.php\/wp-json\/wp\/v2\/comments?post=1950"}],"version-history":[{"count":4,"href":"https:\/\/revista.puertadeafrica.com\/index.php\/wp-json\/wp\/v2\/posts\/1950\/revisions"}],"predecessor-version":[{"id":2493,"href":"https:\/\/revista.puertadeafrica.com\/index.php\/wp-json\/wp\/v2\/posts\/1950\/revisions\/2493"}],"wp:featuredmedia":[{"embeddable":true,"href":"https:\/\/revista.puertadeafrica.com\/index.php\/wp-json\/wp\/v2\/media\/2161"}],"wp:attachment":[{"href":"https:\/\/revista.puertadeafrica.com\/index.php\/wp-json\/wp\/v2\/media?parent=1950"}],"wp:term":[{"taxonomy":"category","embeddable":true,"href":"https:\/\/revista.puertadeafrica.com\/index.php\/wp-json\/wp\/v2\/categories?post=1950"},{"taxonomy":"post_tag","embeddable":true,"href":"https:\/\/revista.puertadeafrica.com\/index.php\/wp-json\/wp\/v2\/tags?post=1950"},{"taxonomy":"author","embeddable":true,"href":"https:\/\/revista.puertadeafrica.com\/index.php\/wp-json\/wp\/v2\/ppma_author?post=1950"}],"curies":[{"name":"wp","href":"https:\/\/api.w.org\/{rel}","templated":true}]}}