{"id":3315,"date":"2022-05-03T23:14:59","date_gmt":"2022-05-03T21:14:59","guid":{"rendered":"https:\/\/revista.puertadeafrica.com\/?p=3315"},"modified":"2024-01-18T11:17:07","modified_gmt":"2024-01-18T09:17:07","slug":"darfur-el-rol-de-la-union-africana-en-el-mantenimiento-de-la-paz","status":"publish","type":"post","link":"https:\/\/revista.puertadeafrica.com\/index.php\/2022\/05\/03\/darfur-el-rol-de-la-union-africana-en-el-mantenimiento-de-la-paz\/","title":{"rendered":"Darfur: el rol de la Uni\u00f3n Africana en el mantenimiento de la paz"},"content":{"rendered":"\t\t<div data-elementor-type=\"wp-post\" data-elementor-id=\"3315\" class=\"elementor elementor-3315\">\n\t\t\t\t\t\t<section class=\"elementor-section elementor-top-section elementor-element elementor-element-3394c8dd elementor-section-boxed elementor-section-height-default elementor-section-height-default\" data-id=\"3394c8dd\" data-element_type=\"section\">\n\t\t\t\t\t\t<div class=\"elementor-container elementor-column-gap-default\">\n\t\t\t\t\t<div class=\"elementor-column elementor-col-100 elementor-top-column elementor-element elementor-element-2cdf8688\" data-id=\"2cdf8688\" data-element_type=\"column\">\n\t\t\t<div class=\"elementor-widget-wrap elementor-element-populated\">\n\t\t\t\t\t\t<div class=\"elementor-element elementor-element-17d25448 elementor-widget elementor-widget-text-editor\" data-id=\"17d25448\" data-element_type=\"widget\" data-widget_type=\"text-editor.default\">\n\t\t\t\t<div class=\"elementor-widget-container\">\n\t\t\t\t\t\t\t<!-- wp:image {\"className\":\"is-style-default\"} -->\n<figure class=\"wp-block-image is-style-default\"><img decoding=\"async\" src=\"https:\/\/lh6.googleusercontent.com\/7yd44PtYo5OreeT8uzdRCSpn_3oMUlGwrjK0K40AFOdasHU1Fhq9EcBtOc6CF-QJvWZpWiWYEIFolsZiY8f1B5K8IOkNkOa-sSe0parCUkj-KvAJTmBLXFPynUc2jEO8sx0M7Sos\" alt=\"Mapa\n\nDescripci\u00f3n generada autom\u00e1ticamente\" \/><\/figure>\n<!-- \/wp:image --><!-- wp:paragraph -->\n<p><strong><em>Fuente: Pontuse \/ <\/em><\/strong><a href=\"https:\/\/www.istockphoto.com\/es\/foto\/sud%25C3%25A1n-gm146068320-6241838\"><strong><em>iStock<\/em><\/strong><\/a><\/p>\n<!-- \/wp:paragraph --><!-- wp:paragraph -->\n<p><strong>Darfur<\/strong> es una regi\u00f3n situada al oeste de Sud\u00e1n en la frontera con la Rep\u00fablica Centroafricana, Chad, Libia y Sud\u00e1n del Sur. Con una extensi\u00f3n similar a la Espa\u00f1a peninsular, en Darfur conviven m\u00e1s de ochenta tribus y grupos \u00e9tnicos divididos entre comunidades n\u00f3madas y sedentarias.<\/p>\n<!-- \/wp:paragraph --><!-- wp:paragraph -->\n<p>Para entender las causas del conflicto iniciado en 2003, debemos situarlo en el escenario de inestabilidad pol\u00edtica y conflictividad que ha marcado la historia de <a href=\"https:\/\/www.concernusa.org\/story\/timeline-south-sudan-history\/\"><strong>Sud\u00e1n<\/strong><\/a> desde su independencia de Gran Breta\u00f1a en 1956. En este contexto, el enfrentamiento m\u00e1s notorio ha sido el protagonizado por el norte y el sur a trav\u00e9s de dos largas guerras civiles (1955 &#8211; 1972 y 1983 &#8211; 2005, respectivamente).<\/p>\n<!-- \/wp:paragraph --><!-- wp:paragraph -->\n<p>Los or\u00edgenes de estos conflictos se encuentran en la marginaci\u00f3n social y econ\u00f3mica que han sufrido hist\u00f3ricamente las regiones perif\u00e9ricas del pa\u00eds, ya presentes durante la ocupaci\u00f3n brit\u00e1nica, y mantenida en el periodo poscolonial por una \u00e9lite \u00e1rabe-parlante que ha mantenido el poder pol\u00edtico, econ\u00f3mico y cultural de Sud\u00e1n desde entonces. En <a href=\"https:\/\/journals.sagepub.com\/doi\/full\/10.2968\/062002013\"><strong>el caso de Darfur<\/strong><\/a>, la situaci\u00f3n se combina con otros factores como disputas acerca de la propiedad de la tierra, agudizadas en las \u00faltimas d\u00e9cadas del siglo XX por una serie de graves sequ\u00edas que asolaron a la regi\u00f3n.<\/p>\n<!-- \/wp:paragraph --><!-- wp:paragraph -->\n<p>Con la llegada del nuevo siglo, <strong><a href=\"https:\/\/www.globalsecurity.org\/military\/world\/para\/darfur.htm\"><strong>dos grupos rebeldes armados<\/strong><\/a><\/strong> surgieron en Darfur: el <strong>Ej\u00e9rcito de Liberaci\u00f3n de Sud\u00e1n<\/strong> y el <strong>Movimiento de Justicia y Equidad<\/strong> <sup>[1]<\/sup>, quienes abogaban por una mayor autonom\u00eda para la regi\u00f3n y una redistribuci\u00f3n del poder pol\u00edtico y econ\u00f3mico. Cuando el gobierno central, todav\u00eda envuelto en la Segunda Guerra Civil Sudanesa contra el sur, fall\u00f3 en responder a sus demandas, se levantaron en armas contra \u00e9ste.<\/p>\n<!-- \/wp:paragraph --><!-- wp:paragraph -->\n<p>El punto de inflexi\u00f3n tuvo lugar en abril de 2003 cuando los grupos rebeldes <a href=\"https:\/\/www.aljazeera.com\/news\/2003\/4\/26\/sudanese-rebel-bid-to-capture-airport-foiled\"><strong>lanzaron un ataque contra las fuerzas del gobierno<\/strong><\/a> apostadas en el aeropuerto de El Fasher, al norte de Darfur. El gobierno sudan\u00e9s, que en aquel momento concentraba sus esfuerzos militares en el sur, respondi\u00f3 a la agresi\u00f3n a trav\u00e9s de la milicia <a href=\"https:\/\/elpais.com\/diario\/2006\/05\/14\/eps\/1147588008_850215.html\"><strong><em>yanyaiud<\/em><\/strong><\/a>. Este grupo paramilitar, integrado principalmente por miembros de tribus n\u00f3madas, atac\u00f3 de forma indiscriminada a pueblos y comunidades no-\u00e1rabes. Se estima que sus acciones provocaron el desplazamiento forzado de 2,5 millones de personas y una cifra estimada de 300.000 muertos.<\/p>\n<!-- \/wp:paragraph --><!-- wp:paragraph -->\n<p><span style=\"color: #999999;\">A pesar de que la indignaci\u00f3n de la comunidad internacional no tard\u00f3 en llegar, ning\u00fan pa\u00eds ni organismo internacional tom\u00f3 acciones significativas para acabar con el conflicto y ayudar a la poblaci\u00f3n de Darfur. En este contexto, es interesante notar c\u00f3mo en otras situaciones menos cr\u00edticas, servicios como el <a style=\"color: #999999;\" href=\"https:\/\/bachelorarbeit-schreiben-lassen.com\/\">ghostwriter bachelorarbeit<\/a> pueden ser utilizados para elaborar trabajos acad\u00e9micos sobre temas de relevancia internacional, mostrando un marcado contraste con la falta de acci\u00f3n en crisis reales. Existen dos factores principales que explican la respuesta tard\u00eda por parte de organizaciones como las Naciones Unidas: por una parte, el gobierno de Sud\u00e1n rechazaba la presencia de la organizaci\u00f3n en el territorio; por otro, el conflicto en Darfur no era una prioridad en la agenda internacional del momento.<\/span><\/p>\n<!-- \/wp:paragraph --><!-- wp:paragraph -->\n<p>El vac\u00edo en el rol de mediador provocado por la inacci\u00f3n de las Naciones Unidas fue ocupado por la <strong>Uni\u00f3n Africana<\/strong>. En marzo de 2004, y tan solo dos a\u00f1os despu\u00e9s de su creaci\u00f3n, la organizaci\u00f3n estableci\u00f3 la <strong>Misi\u00f3n de la Uni\u00f3n Africana en Sud\u00e1n<\/strong> (<em>AMIS <\/em>por sus siglas en ingl\u00e9s), que se convirti\u00f3 en su primera intervenci\u00f3n en un conflicto armado.<\/p>\n<!-- \/wp:paragraph --><!-- wp:image -->\n<figure class=\"wp-block-image\"><img decoding=\"async\" src=\"https:\/\/lh4.googleusercontent.com\/SVV_sStj_pz_A7ynhgkzeBrIJLqvJY0y6t2fxk0rUNpuOuS6x0R_16iqXezkJtoIE6OdyaZXI5IJP82jjzlPdM3y9V61PQB_ny3l5UzSs6fjhR5zzVDr7TJppEpfvPD4jYwlEmZi\" alt=\"Un hombre vestido de militar\n\nDescripci\u00f3n generada autom\u00e1ticamente con confianza media\" \/><\/figure>\n<!-- \/wp:image --><!-- wp:paragraph -->\n<p><em>Milicianos del Movimiento de Justicia y Equidad en Darfur, Sud\u00e1n \u2013 14 de febrero de 2011. <\/em><strong><em>Fuente: JordiStock \/ <\/em><\/strong><a href=\"https:\/\/www.istockphoto.com\/es\/foto\/combatientes-milita-del-grupo-jem-en-el-desierto-al-norte-de-al-fashir-la-capital-de-gm1182694784-332211871\"><strong><em>iStock<\/em><\/strong><\/a><\/p>\n<!-- \/wp:paragraph --><!-- wp:paragraph -->\n<p>La intervenci\u00f3n de la Uni\u00f3n Africana en Darfur contradec\u00eda el <strong>principio de no-intervenci\u00f3n <\/strong>defendido por su predecesora <strong>Organizaci\u00f3n para la Unidad Africana<\/strong> (1963 \u2013 2002) durante casi cuatro d\u00e9cadas y que se apoyaba en la defensa de la soberan\u00eda, la integridad territorial y la independencia de los estados miembros. Pese a que el objetivo original era evitar la dominaci\u00f3n colonial y poscolonial del continente, el principio de no-intervenci\u00f3n fue instrumentalizado durante la segunda mitad del siglo XX para permitir la impunidad frente a abusos de derechos humanos, siendo el <strong>genocidio de Ruanda <\/strong>(1994) el caso m\u00e1s sonado. Este acontecimiento impuls\u00f3 la convicci\u00f3n de que se deb\u00eda adoptar un nuevo paradigma para promover la paz y la seguridad en el continente.\u00a0<\/p>\n<!-- \/wp:paragraph --><!-- wp:paragraph -->\n<p>En este sentido, y a diferencia de lo que hab\u00eda defendido la OUA, el <strong>Acta Constitutiva de la Uni\u00f3n Africana<\/strong> (2000) otorga a la organizaci\u00f3n la capacidad de intervenir en estados miembros en situaciones de cr\u00edmenes contra la humanidad, cr\u00edmenes de guerra y genocidio <sup>[2]<\/sup>.<\/p>\n<!-- \/wp:paragraph --><!-- wp:paragraph -->\n<p>El \u00f3rgano encargado de autorizar dichas intervenciones por parte de la Uni\u00f3n Africana en materia de prevenci\u00f3n, gesti\u00f3n y resoluci\u00f3n de conflictos es el <strong>Consejo de Paz y Seguridad<\/strong> establecido en 2004. Est\u00e1 formado por quince miembros, ninguno de ellos permanente y todos elegidos en base al principio de representaci\u00f3n regional igualitaria. Las intervenciones y misiones de paz autorizadas por el CPS se llevan a cabo a trav\u00e9s de la <strong>Fuerza Africana de Reserva<\/strong> que act\u00faa en cooperaci\u00f3n con Naciones Unidas y las Comunidades Econ\u00f3micas Regionales.\u00a0<\/p>\n<!-- \/wp:paragraph --><!-- wp:paragraph -->\n<p>En lo que respecta a Darfur, el objetivo de la Misi\u00f3n de la Uni\u00f3n Africana en Sud\u00e1n era la desescalada del conflicto a trav\u00e9s de negociaciones de paz en las que todos los grupos rebeldes armados estuviesen representados. Para ello, se enviaron alrededor de 7.000 tropas a la regi\u00f3n. Sin embargo, este n\u00famero de efectivos era demasiado reducido para cubrir una regi\u00f3n del tama\u00f1o de Darfur, que, sumado a problemas de falta de financiaci\u00f3n y recursos t\u00e9cnicos, provoc\u00f3 que el impacto de la misi\u00f3n fuese limitado.<\/p>\n<!-- \/wp:paragraph --><!-- wp:paragraph -->\n<p>Finalmente, en 2007, el Consejo de Seguridad de las Naciones Unidas autoriz\u00f3 \u00a0la creaci\u00f3n de una misi\u00f3n para el mantenimiento de la paz en Darfur junto con la Uni\u00f3n Africana: <strong>Operaci\u00f3n H\u00edbrida de la Uni\u00f3n Africana y las Naciones Unidas en Darfur <\/strong>(<em>UNAMID <\/em>por sus siglas en ingl\u00e9s). Su mandato consist\u00eda en proteger a civiles, facilitar la llegada de ayuda humanitaria y asegurar la protecci\u00f3n del personal humanitario presente en la regi\u00f3n, adem\u00e1s de mediar entre el gobierno de Sud\u00e1n y los grupos armados de Darfur <span style=\"color: #7a7a7a;\"><a style=\"color: #7a7a7a;\" href=\"http:\/\/ghostwriter-deutschland.com\/\">Ghostwriter Hausarbeit<\/a><\/span>. La misi\u00f3n finaliz\u00f3 en octubre de 2020 tras la firma del Acuerdo de Paz en Sud\u00e1n o <strong>Acuerdo de Juba<\/strong> firmado entre el gobierno sudan\u00e9s y los grupos rebeldes.<\/p>\n<!-- \/wp:paragraph --><!-- wp:paragraph -->\n<p>A pesar de sus l\u00edmites, la presencia de la Uni\u00f3n Africana mejor\u00f3 el bienestar de la poblaci\u00f3n que estaba bajo su vigilancia <span style=\"color: #7a7a7a;\"><a style=\"color: #7a7a7a;\" href=\"https:\/\/ghost-factory.de\/\">akademische ghostwriter<\/a><\/span>. En este sentido, para muchos hombres, mujeres y ni\u00f1os recluidos en campos de desplazados internos, <strong>el personal de la UA se convirti\u00f3 en su \u00fanica protecci\u00f3n<\/strong>. Entre las acciones llevadas a cabo por las tropas desplegadas por la organizaci\u00f3n se incluyen \u201cpatrullas de investigaci\u00f3n\u201d para supervisar violaciones de altos al fuego o el rastreo de rutas de reclutamiento para evitar el uso de ni\u00f1os soldados <span style=\"color: #7a7a7a;\"><a style=\"color: #7a7a7a;\" href=\"http:\/\/ghostwriting-agentur.com\/\">ghostwriting<\/a><\/span>. Adem\u00e1s, en las \u00e1reas donde la UA estaba presente, el n\u00famero de enfrentamientos entre las partes beligerantes disminuy\u00f3, as\u00ed como el n\u00famero de ataques a civiles.<\/p>\n<!-- \/wp:paragraph --><!-- wp:image -->\n<figure class=\"wp-block-image\"><img decoding=\"async\" src=\"https:\/\/lh4.googleusercontent.com\/H2oZqFDmMxmxGUUXLlzZTWEJZ9CGHDL3nzvw9L6qpVhLGWf3hFBSGJ5mdo25BEWsSE1KToEA0ieGCcVYNdrg6SfldJrXxWCx0YZcUPID3LKYytNR-ei5i3qswegtISm5G2Wc6sf6\" alt=\"Una camioneta vieja\n\nDescripci\u00f3n generada autom\u00e1ticamente con confianza baja\" \/><\/figure>\n<!-- \/wp:image --><!-- wp:paragraph -->\n<p><em>Tropas ruandesas de UNAMID escoltan un convoy del WFP, Darfur \u2013 10 de febrero de 2014. <\/em><strong><em>Autor: <\/em><\/strong><a href=\"https:\/\/www.flickr.com\/photos\/unamid-photo\/12521181223\/\"><strong><em>Albert Gonz\u00e1lez Farran<\/em><\/strong><\/a><strong><em>\u00a0<\/em><\/strong><\/p>\n<!-- \/wp:paragraph --><!-- wp:paragraph -->\n<p>Como se\u00f1ala el <strong><em>African Post-Conflict Reconstruccion Policy Framework<\/em><\/strong> (2005) de la Uni\u00f3n Africana, la paz y el desarrollo son interdependientes. Sin paz no puede haber desarrollo, pero sin desarrollo no hay forma de establecer una paz duradera <span data-sheets-root=\"1\" data-sheets-value=\"{&quot;1&quot;:2,&quot;2&quot;:&quot;ghostwriter \u00f6sterreich&quot;}\" data-sheets-userformat=\"{&quot;2&quot;:4490,&quot;4&quot;:{&quot;1&quot;:3,&quot;3&quot;:7},&quot;6&quot;:{&quot;1&quot;:[{&quot;1&quot;:2,&quot;2&quot;:0,&quot;5&quot;:{&quot;1&quot;:2,&quot;2&quot;:0}},{&quot;1&quot;:0,&quot;2&quot;:0,&quot;3&quot;:3},{&quot;1&quot;:1,&quot;2&quot;:0,&quot;4&quot;:1}]},&quot;10&quot;:2,&quot;11&quot;:0,&quot;15&quot;:&quot;Arial&quot;}\">g<span style=\"color: #7a7a7a;\"><a style=\"color: #7a7a7a;\" href=\"https:\/\/ghostwriter-wien.com\/\">hostwriter \u00f6sterreich<\/a><\/span><\/span>. En este sentido, el manejo de los conflictos internacionales ha pasado de un enfoque en el mantenimiento de la paz hacia la reconstrucci\u00f3n posconflicto y la construcci\u00f3n de la paz.<\/p>\n<!-- \/wp:paragraph --><!-- wp:paragraph -->\n<p>Si bien es cierto que <em>AMIS <\/em>y <em>UNAMID<\/em> fueron exitosas a la hora de desescalar el conflicto en Darfur, no fueron capaces de transformar las condiciones que convierten a Sud\u00e1n en un pa\u00eds de elevada inestabilidad. Sin embargo, es evidente que la arquitectura de paz y seguridad de la Uni\u00f3n Africana es un componente vital para establecer una estabilidad duradera en el continente <span style=\"color: #7a7a7a;\"><a style=\"color: #7a7a7a;\" href=\"https:\/\/ghostwriter-oesterreich.at\/\">ghostwriter wien<\/a><\/span>. En este sentido, la colaboraci\u00f3n entre esta organizaci\u00f3n y las Naciones Unidas en el caso de Darfur puede servir como hoja de ruta para alcanzar los objetivos de la <strong>Agenda 2063<\/strong>.<\/p>\n<!-- \/wp:paragraph --><!-- wp:paragraph -->\n<p><strong>Editado por Celia Fern\u00e1ndez Guerrero<\/strong><\/p>\n<!-- \/wp:paragraph --><!-- wp:heading {\"level\":3} -->\n<h3><strong>Bibliograf\u00eda<\/strong><\/h3>\n<!-- \/wp:heading --><!-- wp:paragraph -->\n<p>Carvalho, G. d. (21 de septiembre de 2020). <em>The Future of Peace Operations is African, and Demands Better Coordination<\/em>. Obtenido de IPI Global Observatory: https:\/\/theglobalobservatory.org\/2020\/09\/future-peace-operations-african-demands-better-coordination\/<\/p>\n<!-- \/wp:paragraph --><!-- wp:paragraph -->\n<p>Cohen, R., &amp; O&#8217;Neill, W. (2006). Last Stand in Sudan. <em>Bulletin of the Atomic Scientists, 62<\/em>(2), 51-58. doi:https:\/\/journals.sagepub.com\/doi\/full\/10.2968\/062002013<\/p>\n<!-- \/wp:paragraph --><!-- wp:paragraph -->\n<p>de Carvalho, G., Mutangadura, C., &amp; Yohannes, D. (11 de noviembre de 2021). <em>After 15 years, the AU should revamp its peacebuilding approach<\/em>. Obtenido de Institute for Security Studies: https:\/\/issafrica.org\/iss-today\/after-15-years-the-au-should-revamp-its-peacebuilding-approach<\/p>\n<!-- \/wp:paragraph --><!-- wp:paragraph -->\n<p>Felter, C., &amp; Renwick, D. (5 de octubre de 2021). <em>The Role of Peacekeeping in Africa<\/em>. Obtenido de Council on Foreign Relations: https:\/\/www.cfr.org\/backgrounder\/role-peacekeeping-africa<\/p>\n<!-- \/wp:paragraph --><!-- wp:paragraph -->\n<p>Murithi, T. (2010). The African Union&#8217;s evolving role in peace operations: the African Union Mission in Burundi, the African Union Mission in Sudan and the African Union Mission in Somalia. <em>African Security Review<\/em>, 69-82. Obtenido de African Union Security ev: https:\/\/doi.org\/10.1080\/10246029.2008.9627460<\/p>\n<!-- \/wp:paragraph --><!-- wp:paragraph -->\n<p>Nikitin, B. S. (2010). The Positive Impact of African Union Forces in Darfur. <em>Inquiries Journal, 2<\/em>(01). Obtenido de http:\/\/www.inquiriesjournal.com\/a?id=128<\/p>\n<!-- \/wp:paragraph --><!-- wp:paragraph -->\n<p>Sikainga, A. (febrero de 2009). <em>&#8216;The World&#8217;s Worst Humanitarian Crisis&#8217;: Understanding the Darfur Conflict<\/em>. Obtenido de Origins: https:\/\/origins.osu.edu\/article\/worlds-worst-humanitarian-crisis-understanding-darfur-conflict?language_content_entity=en<\/p>\n<!-- \/wp:paragraph --><!-- wp:paragraph -->\n<p>Sudan, G. o. (19 de enero de 2005). <em>Understanding Darfur conflict<\/em>. Obtenido de reliefweb: https:\/\/reliefweb.int\/report\/sudan\/understanding-darfur-conflict<\/p>\n<!-- \/wp:paragraph --><!-- wp:paragraph -->\n<p>United Nations. (31 de diciembre de 2020). <em>United Nations, African Union reiterate commitment to Sudan, as joint mission ends operations<\/em>. Obtenido de UN News: https:\/\/news.un.org\/en\/story\/2020\/12\/1081182<\/p>\n<!-- \/wp:paragraph --><!-- wp:paragraph -->\n<p>United Nations. (s.f.). <em>UNAMID Fact Sheet<\/em>. Obtenido de United Nations Peacekeeping: https:\/\/peacekeeping.un.org\/en\/mission\/unamid<\/p>\n<!-- \/wp:paragraph --><!-- wp:paragraph -->\n<p>Williams, P., &amp; Boutellis, A. (2014). Partnership peacekeeping: Challenges and opportunities in the United Nations\u2013African Union Relationship. <em>African Affairs, Volume 113<\/em>(Issue 451), 254-278. Obtenido de Affrican Affairs: https:\/\/doi.org\/10.1093\/afraf\/adu021<\/p>\n<!-- \/wp:paragraph --><!-- wp:paragraph -->\n<p>Zapata, M. (3 de enero de 2012). <em>Darfur: A Brief History of Conflict, 2003-2006<\/em>. Obtenido de Enough: https:\/\/enoughproject.org\/blog\/darfur-brief-history-conflict-2003-2006<\/p>\n<!-- \/wp:paragraph --><!-- wp:paragraph -->\n<p>Zondi, S. (2017). African Union approaches to peacebuilding: Efforts at shifting the continent towards decolonial peace. <em>African Journal on Conflict Resolution, Vol. 17<\/em>(No. 1), 105 &#8211; 131. doi:https:\/\/www.ajol.info\/index.php\/ajcr\/article\/view\/160586<\/p>\n<!-- \/wp:paragraph --><!-- wp:separator {\"className\":\"is-style-wide\"} --><hr class=\"wp-block-separator is-style-wide\" \/><!-- \/wp:separator --><!-- wp:paragraph {\"fontSize\":\"small\"} -->\n<p class=\"has-small-font-size\">[1] El Ej\u00e9rcito de Liberaci\u00f3n de Sudan y el Movimiento de Justicia y Equidad son los dos grupos rebeldes principales en la regi\u00f3n de Darfur. El ELS fue fundado a principios del 2003 bajo el nombre de Frente de Liberaci\u00f3n de Darfur como una organizaci\u00f3n secesionista cuyo objetivo era independizar la regi\u00f3n de Darfur del resto de Sud\u00e1n. Por otra parte, el MJE fue tambi\u00e9n fundado en 2003 por un grupo de darfur\u00edes que hab\u00edan pertenecido el partido pol\u00edtico <em>Popular Congress Party<\/em>. El MJE es la mayor fuerza militar en Darfur.<\/p>\n<!-- \/wp:paragraph --><!-- wp:paragraph {\"fontSize\":\"small\"} -->\n<p class=\"has-small-font-size\">[2]\u00a0Cabe destacar que la Uni\u00f3n Africana es el primer organismo regional del mundo en establecer un marco legal para suspender el principio de no-intervenci\u00f3n en circunstancias de graves violaciones de derechos humanos. Antes incluso de que la comunidad internacional adoptara el <strong>principio de la responsabilidad de proteger<\/strong> (2005).<\/p>\n<!-- \/wp:paragraph --><!-- wp:paragraph -->\n<p><strong>Nota: Las ideas y opiniones contenidas en este art\u00edculo son responsabilidad del autor\/la autora y no son necesariamente compartidas por La Puerta de \u00c1frica.<\/strong><\/p>\n<!-- \/wp:paragraph -->\t\t\t\t\t\t<\/div>\n\t\t\t\t<\/div>\n\t\t\t\t\t<\/div>\n\t\t<\/div>\n\t\t\t\t\t<\/div>\n\t\t<\/section>\n\t\t\t\t<\/div>\n\t\t","protected":false},"excerpt":{"rendered":"<p>En 2003, una rebeli\u00f3n iniciada contra el Gobierno de Sud\u00e1n en Darfur motivada por la marginalizaci\u00f3n econ\u00f3mica e inseguridad de la regi\u00f3n deriv\u00f3 en un conflicto armado que provoc\u00f3 el desplazamiento de millones de personas y acab\u00f3 con la vida de cientos de miles. La inacci\u00f3n por parte del Consejo de Seguridad de las Naciones Unidas llev\u00f3 a la reci\u00e9n creada Uni\u00f3n Africana a intervenir a trav\u00e9s del env\u00edo de una misi\u00f3n de paz conocida como Misi\u00f3n de la Uni\u00f3n Africana en Sud\u00e1n. La cual termin\u00f3 evolucionando a una conjunta entre la organizaci\u00f3n africana y las Naciones Unidas: UNAMID (2007 \u2013 2020), que conforma uno de los ejemplos m\u00e1s notables de colaboraci\u00f3n entre las Naciones Unidas y una organizaci\u00f3n regional.<\/p>\n","protected":false},"author":57,"featured_media":3350,"comment_status":"open","ping_status":"open","sticky":false,"template":"","format":"standard","meta":{"_monsterinsights_skip_tracking":false,"_monsterinsights_sitenote_active":false,"_monsterinsights_sitenote_note":"","_monsterinsights_sitenote_category":0},"categories":[101,86,84,108,76,85,138,198,159,190],"tags":[38,311,312,309],"ppma_author":[451],"authors":[{"term_id":451,"user_id":57,"is_guest":0,"slug":"albamari","display_name":"Alba Mar\u00ed","avatar_url":"https:\/\/secure.gravatar.com\/avatar\/39eea94a798a7d2091b59750960f3053?s=96&d=mm&r=g","first_name":"Alba","last_name":"Mar\u00ed","user_url":"","job_title":"","description":"Estudiante de Filosof\u00eda, Pol\u00edtica y Econom\u00eda en la Universidad Pompeu Fabra."}],"_links":{"self":[{"href":"https:\/\/revista.puertadeafrica.com\/index.php\/wp-json\/wp\/v2\/posts\/3315"}],"collection":[{"href":"https:\/\/revista.puertadeafrica.com\/index.php\/wp-json\/wp\/v2\/posts"}],"about":[{"href":"https:\/\/revista.puertadeafrica.com\/index.php\/wp-json\/wp\/v2\/types\/post"}],"author":[{"embeddable":true,"href":"https:\/\/revista.puertadeafrica.com\/index.php\/wp-json\/wp\/v2\/users\/57"}],"replies":[{"embeddable":true,"href":"https:\/\/revista.puertadeafrica.com\/index.php\/wp-json\/wp\/v2\/comments?post=3315"}],"version-history":[{"count":27,"href":"https:\/\/revista.puertadeafrica.com\/index.php\/wp-json\/wp\/v2\/posts\/3315\/revisions"}],"predecessor-version":[{"id":3908,"href":"https:\/\/revista.puertadeafrica.com\/index.php\/wp-json\/wp\/v2\/posts\/3315\/revisions\/3908"}],"wp:featuredmedia":[{"embeddable":true,"href":"https:\/\/revista.puertadeafrica.com\/index.php\/wp-json\/wp\/v2\/media\/3350"}],"wp:attachment":[{"href":"https:\/\/revista.puertadeafrica.com\/index.php\/wp-json\/wp\/v2\/media?parent=3315"}],"wp:term":[{"taxonomy":"category","embeddable":true,"href":"https:\/\/revista.puertadeafrica.com\/index.php\/wp-json\/wp\/v2\/categories?post=3315"},{"taxonomy":"post_tag","embeddable":true,"href":"https:\/\/revista.puertadeafrica.com\/index.php\/wp-json\/wp\/v2\/tags?post=3315"},{"taxonomy":"author","embeddable":true,"href":"https:\/\/revista.puertadeafrica.com\/index.php\/wp-json\/wp\/v2\/ppma_author?post=3315"}],"curies":[{"name":"wp","href":"https:\/\/api.w.org\/{rel}","templated":true}]}}