{"id":476,"date":"2020-06-11T15:25:28","date_gmt":"2020-06-11T13:25:28","guid":{"rendered":"http:\/\/puertadeafrica.com\/?p=476"},"modified":"2021-02-25T22:48:03","modified_gmt":"2021-02-25T22:48:03","slug":"abiy-ahmed-premio-nobel-de-la-paz-2019","status":"publish","type":"post","link":"https:\/\/revista.puertadeafrica.com\/index.php\/2020\/06\/11\/abiy-ahmed-premio-nobel-de-la-paz-2019\/","title":{"rendered":"Abiy Ahmed, premio nobel de la paz 2019"},"content":{"rendered":"\n<p style=\"font-size:11px\"><\/p>\n\n\n\n<div class=\"wp-block-image\"><figure class=\"aligncenter size-large\"><img fetchpriority=\"high\" decoding=\"async\" width=\"620\" height=\"413\" src=\"https:\/\/revista.puertadeafrica.com\/wp-content\/uploads\/2021\/02\/abiy-ahmed-nobel.jpg\" alt=\"\" class=\"wp-image-2323\" srcset=\"https:\/\/revista.puertadeafrica.com\/wp-content\/uploads\/2021\/02\/abiy-ahmed-nobel.jpg 620w, https:\/\/revista.puertadeafrica.com\/wp-content\/uploads\/2021\/02\/abiy-ahmed-nobel-300x200.jpg 300w\" sizes=\"(max-width: 620px) 100vw, 620px\" \/><figcaption><strong>Abiy Ahmed recogiendo el Premio Nobel de la Paz en 2019. Fuente: Wall Street Journal<\/strong><\/figcaption><\/figure><\/div>\n\n\n\n<p class=\"has-text-align-justify\"><strong>Abiy Ahmed es el 12\u00ba africano laureado con este galard\u00f3n<\/strong> dentro de sus 119 de historia desde que en 1960 Albert Lutuli fuese premiado por su lucha no violenta contra el apartheid en Sud\u00e1frica. Otros han sido tambi\u00e9n vitales para la paz, como Anwar el-Sadat, por la paz entre Egipto e Israel, Nelson Mandela, por el fin pac\u00edfico del apartheid y la fundaci\u00f3n de una nueva y democr\u00e1tica Sud\u00e1frica, o mujeres como Ellen Johnson Sirleaf, Lymah Gbowee, de Liberia, y Wangari Muta Maathai, de Kenia, por sus esfuerzos por traer la paz, la democracia, los derechos de las mujeres y el desarrollo.<\/p>\n\n\n\n<p class=\"has-text-align-justify\">El premio le fue concedido a Abiy Ahmed por \u00ab<strong><a href=\"https:\/\/www.nobelprize.org\/prizes\/peace\/2019\/abiy\/facts\/\">sus esfuerzos para alcanzar la paz y la cooperaci\u00f3n internacional y, en particular, por su decisiva iniciativa para resolver el conflicto fronterizo con la vecina Eritrea<\/a><\/strong>\u00bb. Adem\u00e1s, \u00abliber\u00f3 prisioneros pol\u00edticos y periodistas, legaliz\u00f3 grupos de la oposici\u00f3n y nombr\u00f3 mujeres en su Gabinete, todo ello en s\u00f3lo un a\u00f1o en el poder\u00bb, <a href=\"https:\/\/elpais.com\/internacional\/2019\/10\/11\/actualidad\/1570776411_195083.html\">subray\u00f3 el secretario general del comit\u00e9 noruego del Nobel<\/a>, Jan Egeland.<\/p>\n\n\n\n<p class=\"has-text-align-justify\">Es necesario resaltar el significado del conflicto entre Etiop\u00eda y Eritrea. <strong>En 1961 estall\u00f3 una guerra por la independencia de Eritrea que dur\u00f3 30 a\u00f1os<\/strong>, durante los cuales el propio Abiy Ahmed lleg\u00f3 a participar durante su etapa en el ej\u00e9rcito, siendo testigo de los desgarros y da\u00f1os que produjo la guerra sobre familias y comunidades enteras. Eritrea alcanz\u00f3 la independencia tras un refer\u00e9ndum en 1993, pero el tratado de paz no se firm\u00f3 hasta el a\u00f1o 2000. \u00c9ste, sin embargo, no termin\u00f3 con los roces, y <strong>las disputas territoriales y fronterizas no fueron resueltas<\/strong>. Se suele decir que, tras la secesi\u00f3n eritrea, Etiop\u00eda qued\u00f3 resentida por la p\u00e9rdida de su salida al mar, pero <strong>lo que provoc\u00f3 la escalada de tensi\u00f3n fueron las dificultades econ\u00f3micas entre los dos pa\u00edses que no supieron resolver<\/strong>. Se trataba, por tanto, de una paz caliente. Las comunicaciones se cortaron, Etiop\u00eda dej\u00f3 de usar los puertos eritreos y el \u00fanico contacto era a trav\u00e9s de escaramuzas.<\/p>\n\n\n\n<p class=\"has-text-align-justify\">Tras la secesi\u00f3n, el camino seguido por los dos pa\u00edses fue bien distinto.<strong> Etiop\u00eda logr\u00f3 crecer al ritmo de los Tigres Asi\u00e1ticos <\/strong>y comenz\u00f3 a revelarse como un jugador clave en la estabilidad regional. Etiop\u00eda tuvo, o tiene, personal en el terreno en Darfur, Liberia, Burundi y en la frontera entre los dos Sudanes y coopera con las fuerzas estadounidenses estacionadas en Djibuti a la vez que recibe ayuda china contra la pirater\u00eda en el Golfo de Ad\u00e9n. Etiop\u00eda ha sido el sost\u00e9n de la misi\u00f3n en Somalia contra Al-Shabab para apuntalar al fr\u00e1gil gobierno somal\u00ed y tambi\u00e9n en la frontera entre los dos Sudanes, tanto en la regi\u00f3n de Darfur como en la controvertida zona fronteriza de Abyei. <strong>Los diplom\u00e1ticos, generales y oficiales et\u00edopes han sido cruciales para EEUU y sus aliados en el Cuerno de \u00c1frica, el Mar Rojo y el Golfo de Ad\u00e9n.<\/strong> Mientras los oficiales estadounidenses temen por la estabilidad de antiguos aliados como Egipto, Kenya o Arabia Saud\u00ed, la fiabilidad y efectividad de Etiop\u00eda es vista como vital.<\/p>\n\n\n\n<p class=\"has-text-align-justify\">Por el contrario, <strong>Eritrea, con mayores problemas para recuperarse econ\u00f3micamente, pareci\u00f3 convertirse en un pa\u00eds paria y lleg\u00f3 a ser acusado de estar apoyando a grupos terroristas<\/strong>. El Consejo de Seguridad de Naciones Unidas aprob\u00f3 en 2011 la Resoluci\u00f3n 2023, en la que condena el apoyo del gobierno eritreo a los grupos terroristas que est\u00e1n proliferando en la regi\u00f3n nororiental de \u00c1frica. Apoy\u00e1ndose en otras resoluci\u00f3n aprobadas en anteriormente, el Consejo impuso nuevas obligaciones a las autoridades de Asmara, con el fin de impedir que utilice los ingresos procedentes de las explotaciones mineras (principalmente, de oro, cobre o zinc) para contribuir a la financiaci\u00f3n de los grupos armados islamistas, entre ellos los somal\u00edes de Al-Shabab. La Resoluci\u00f3n 2023 estuvo liderada por dos Estados africanos, Gab\u00f3n y Nigeria, y expresaba la gran preocupaci\u00f3n de los pa\u00edses africanos por la contribuci\u00f3n de las autoridades eritreas a la inestabilidad en el Cuerno de \u00c1frica.<\/p>\n\n\n\n<p class=\"has-text-align-justify\">Parec\u00eda, por tanto, que sus caminos iban a seguir divergiendo, apuntalando la tragedia. <strong><a href=\"https:\/\/www.nobelprize.org\/prizes\/peace\/2019\/abiy\/109716-lecture-english\/\">Sin embargo, al convertirse en Primer Ministro de Etiop\u00eda, Abiy Ahmed, \u00absinti\u00f3 en su coraz\u00f3n que el fin de la incertidumbre era necesario.\u00bb<\/a><\/strong> Crey\u00f3 que la paz real entre Eritrea y Etiop\u00eda estaba al alcance, que el muro imaginario entre los dos pa\u00edses pod\u00eda desaparecer y, en su lugar, pod\u00eda construirse un puente de amistad, confianza y colaboraci\u00f3n. Por ello se decidi\u00f3 a alcanzar un acuerdo con el presidente Isaias Afeworki, que se formaliz\u00f3 a lo largo de los meses de julio y septiembre de 2018. <strong>El acuerdo es tan significativo que et\u00edopes y eritreos <a href=\"https:\/\/www.nytimes.com\/2018\/07\/11\/world\/africa\/ethiopia-eritrea-peace-deal.html\">comenzaron a llamarse por tel\u00e9fono<\/a> los unos a los otros simplemente para saludarse, y felicitarse por la paz alcanzada<\/strong>. La guerra separ\u00f3 a familias que durante todos estos a\u00f1os no han podido verse ni hablarse, comunidades que perdieron a muchos de sus miembros, cientos de desplazados, deportaciones y el subsiguiente peso de la devastaci\u00f3n econ\u00f3mica.<\/p>\n\n\n\n<p class=\"has-text-align-justify\">El premio en s\u00ed es importante para Etiop\u00eda, pero tambi\u00e9n para \u00c1frica y los objetivos de la Agenda 2063. Como estableci\u00f3 Abiy Ahmed, <strong>se trata de convertir \u00ablas espadas en arados y las lanzas en hoces; nuestras naciones no son las enemigas, sino que compartimos un enemigo com\u00fan llamado pobreza\u00bb.<\/strong> Y para lograr la paz es necesaria una visi\u00f3n duradera. Y <strong>su visi\u00f3n de la paz est\u00e1 enraizada en la filosof\u00eda del <em>Medemer<\/em>, palabra am\u00e1rica que significa sinergia, convergencia y trabajo en equipo para un mismo destino.<\/strong> Los problemas no han desaparecido, pero Abiy Ahmed y su pa\u00eds tienen la convicci\u00f3n de que con la gu\u00eda del <em>Medemer<\/em> se librar\u00e1n del miedo y avanzar\u00e1n hacia nuevas ideas y oportunidades que les permitan afrontar esos problemas.<\/p>\n\n\n\n<hr class=\"wp-block-separator\"\/>\n\n\n\n<p class=\"has-text-align-center has-normal-font-size\"><strong>Para ampliar<\/strong><\/p>\n\n\n\n<p><a href=\"https:\/\/www.tandfonline.com\/doi\/full\/10.1080\/17502970802608118\">EL-FFENDI, A., \u201cThe Perils of Regionalism: Regional integration as a source of insability in the Horn of Africa?\u201d, Journal of Intervention and Statebuilding, vol. 3, n\u00ba 1, marzo de 2009, pp. 12-13<\/a><\/p>\n\n\n\n<p><a href=\"https:\/\/journals.openedition.org\/chinaperspectives\/6041\">CABESTAN, JEAN-PIERRE, \u201cChina and Ethiopia: Authoritarian affinities and economic cooperation\u201d, <em>China Perspectives<\/em>, n\u00ba 4, 2012, p. 56<\/a><\/p>\n\n\n\n<p><a href=\"http:\/\/grupodeestudiosafricanos.org\/cms\/wp-content\/uploads\/2014\/11\/GONZALEZ-AIME-2013-Security-Issues-Ethiopian-Intervention-Somalia-2006-2009.pdf\">GONZ\u00c1LEZ AIM\u00c9, E., \u201cThe Security Issues behind the Ethiopian Intervention in Somalia (2006-2009)\u201d, Center of African Studies, University Institute of Lisbon, 2013, pp. 32-47<\/a><\/p>\n\n\n\n<p><a href=\"https:\/\/seer.ufrgs.br\/rbea\/article\/viewFile\/68849\/40024\">SHARAMO, R. &amp; BEROUK, M. (eds), \u201cRegional Security in the pot-Cold War Horn of Africa\u201d, Institute for Security Studies, Monograph 178, April 2011, pp. 20-21<\/a><\/p>\n","protected":false},"excerpt":{"rendered":"<p>Abiy Ahmed es el 12\u00ba africano laureado con este galard\u00f3n. El premio le fue concedido por sus esfuerzos para alcanzar la paz y la cooperaci\u00f3n internacional y, en particular, por su decisiva iniciativa para resolver el conflicto fronterizo con la vecina Eritrea.<\/p>\n","protected":false},"author":13,"featured_media":2324,"comment_status":"open","ping_status":"open","sticky":false,"template":"","format":"standard","meta":{"_monsterinsights_skip_tracking":false,"_monsterinsights_sitenote_active":false,"_monsterinsights_sitenote_note":"","_monsterinsights_sitenote_category":0},"categories":[101,93,114],"tags":[],"ppma_author":[419],"authors":[{"term_id":419,"user_id":13,"is_guest":0,"slug":"cayetanogg","display_name":"Cayetano Gil Gracia","avatar_url":"https:\/\/secure.gravatar.com\/avatar\/c02136dd725c920687aedc0104cb807e?s=96&d=mm&r=g","first_name":"Cayetano","last_name":"Gil Gracia","user_url":"","job_title":"","description":""}],"_links":{"self":[{"href":"https:\/\/revista.puertadeafrica.com\/index.php\/wp-json\/wp\/v2\/posts\/476"}],"collection":[{"href":"https:\/\/revista.puertadeafrica.com\/index.php\/wp-json\/wp\/v2\/posts"}],"about":[{"href":"https:\/\/revista.puertadeafrica.com\/index.php\/wp-json\/wp\/v2\/types\/post"}],"author":[{"embeddable":true,"href":"https:\/\/revista.puertadeafrica.com\/index.php\/wp-json\/wp\/v2\/users\/13"}],"replies":[{"embeddable":true,"href":"https:\/\/revista.puertadeafrica.com\/index.php\/wp-json\/wp\/v2\/comments?post=476"}],"version-history":[{"count":1,"href":"https:\/\/revista.puertadeafrica.com\/index.php\/wp-json\/wp\/v2\/posts\/476\/revisions"}],"predecessor-version":[{"id":2326,"href":"https:\/\/revista.puertadeafrica.com\/index.php\/wp-json\/wp\/v2\/posts\/476\/revisions\/2326"}],"wp:featuredmedia":[{"embeddable":true,"href":"https:\/\/revista.puertadeafrica.com\/index.php\/wp-json\/wp\/v2\/media\/2324"}],"wp:attachment":[{"href":"https:\/\/revista.puertadeafrica.com\/index.php\/wp-json\/wp\/v2\/media?parent=476"}],"wp:term":[{"taxonomy":"category","embeddable":true,"href":"https:\/\/revista.puertadeafrica.com\/index.php\/wp-json\/wp\/v2\/categories?post=476"},{"taxonomy":"post_tag","embeddable":true,"href":"https:\/\/revista.puertadeafrica.com\/index.php\/wp-json\/wp\/v2\/tags?post=476"},{"taxonomy":"author","embeddable":true,"href":"https:\/\/revista.puertadeafrica.com\/index.php\/wp-json\/wp\/v2\/ppma_author?post=476"}],"curies":[{"name":"wp","href":"https:\/\/api.w.org\/{rel}","templated":true}]}}