{"id":490,"date":"2020-06-13T19:30:14","date_gmt":"2020-06-13T17:30:14","guid":{"rendered":"http:\/\/puertadeafrica.com\/?p=490"},"modified":"2021-02-25T22:46:49","modified_gmt":"2021-02-25T22:46:49","slug":"juventud-y-paz","status":"publish","type":"post","link":"https:\/\/revista.puertadeafrica.com\/index.php\/2020\/06\/13\/juventud-y-paz\/","title":{"rendered":"Juventud y paz"},"content":{"rendered":"\n<figure class=\"wp-block-image size-large\"><img fetchpriority=\"high\" decoding=\"async\" width=\"750\" height=\"737\" src=\"https:\/\/revista.puertadeafrica.com\/wp-content\/uploads\/2021\/02\/img_9da982eb37c2-1.jpeg\" alt=\"\" class=\"wp-image-2320\" srcset=\"https:\/\/revista.puertadeafrica.com\/wp-content\/uploads\/2021\/02\/img_9da982eb37c2-1.jpeg 750w, https:\/\/revista.puertadeafrica.com\/wp-content\/uploads\/2021\/02\/img_9da982eb37c2-1-300x295.jpeg 300w\" sizes=\"(max-width: 750px) 100vw, 750px\" \/><\/figure>\n\n\n\n<p class=\"has-text-align-justify\">Cuando pensamos en pol\u00edticas de juventud, solemos relacionarlo con el trabajo, la educaci\u00f3n o la participaci\u00f3n ciudadana; pero no solemos analizar el impacto de las armas y el terrorismo en la vida de millones de j\u00f3venes, especialmente los africanos. <\/p>\n\n\n\n<p class=\"has-text-align-justify\">Debemos silenciar las armas, as\u00ed como terminar con todos los conflictos que se desarrollan en las diferentes partes del continente; de otra forma ser\u00e1 complicado progresar entre niveles de desarrollo o mantener las instituciones e infraestructuras que se proyectan y construyen en todo el continente. Bience Gawanas, moderadora, record\u00f3 que <strong>la violencia nace en el pensamiento de las personas<\/strong> y que, por tanto, incitar al odio es una arma de guerra.<\/p>\n\n\n\n<p class=\"has-text-align-justify\">El 70% de la poblaci\u00f3n africana son menores de 35 a\u00f1os, cifras optimistas en relaci\u00f3n a otros continentes. Sin embargo, es triste pensar que la mayor\u00eda de estos j\u00f3venes crecen en comunidades que no funcionan. Esto implica que en diez o veinte a\u00f1os tendremos un continente con gente que no entienden como funciona el resto del mundo y que no son capaces de estar al d\u00eda en los avances, por ejemplo los tecnol\u00f3gicos. <strong>Debemos crear sociedades en las que los ni\u00f1os jueguen con juguetes y no armas.<\/strong> En que haya igualdad para las personas independientemente de su \u00e9tnia. \u00bfQu\u00e9 significa esto? Alude a la importancia de saber que <strong>la paz no es la ausencia de guerra sino el estado de desarrollo.<\/strong> Para ello, los l\u00edderes, y los adultos en general, deben incluir a los j\u00f3venes en la toma de decisiones sobre temas importantes como la pol\u00edtica o el comercio. <\/p>\n\n\n\n<p class=\"has-text-align-justify\">Se expuso un criterio de 4 objetivos para el desarme: educaci\u00f3n, emprendimiento, participaci\u00f3n y empleo. Se necesita de sistemas educativos sensibles que desarrollen instituciones de calidad. Con ello la poblaci\u00f3n estar\u00e1 m\u00e1s abierta al mundo y tendr\u00e1 m\u00e1s oportunidades de participaci\u00f3n en vez coger las armas. Una vez los sistemas educativos funcionen ser\u00e1 posible que se emprendan negocios que funcionen sin miedo a la guerra y que den empleo a la juventud del continente y del mundo.<\/p>\n\n\n\n<p class=\"has-text-align-justify\">En conclusi\u00f3n, los j\u00f3venes en \u00c1frica necesitan espacios que funcionen para estar en igualdad de condiciones y oportunidades que otros j\u00f3venes pero para ello es necesario primero terminar con los conflictos.<\/p>\n","protected":false},"excerpt":{"rendered":"<p>El 25 de mayo, el d\u00eda de \u00c1frica, la Oficina de la enviada especial para la juventud, Aya Chebbi, de la Uni\u00f3n Africana, organiz\u00f3 la conferencia: \u00bfc\u00f3mo la juventud puede silenciar las armas? Durante la conferencia se examin\u00f3 c\u00f3mo las agendas que no consideran a la juventud en sus pol\u00edticas son m\u00e1s susceptibles de fracasar.<\/p>\n","protected":false},"author":14,"featured_media":2321,"comment_status":"open","ping_status":"open","sticky":false,"template":"","format":"standard","meta":{"_monsterinsights_skip_tracking":false,"_monsterinsights_sitenote_active":false,"_monsterinsights_sitenote_note":"","_monsterinsights_sitenote_category":0},"categories":[101,79],"tags":[],"ppma_author":[420],"authors":[{"term_id":420,"user_id":14,"is_guest":0,"slug":"musaobedwadzani2000","display_name":"Musa Obed","avatar_url":"https:\/\/secure.gravatar.com\/avatar\/03cb2cc56a5ef1a0bc8477c5e960af08?s=96&d=mm&r=g","first_name":"Musa","last_name":"Obed","user_url":"","job_title":"","description":""}],"_links":{"self":[{"href":"https:\/\/revista.puertadeafrica.com\/index.php\/wp-json\/wp\/v2\/posts\/490"}],"collection":[{"href":"https:\/\/revista.puertadeafrica.com\/index.php\/wp-json\/wp\/v2\/posts"}],"about":[{"href":"https:\/\/revista.puertadeafrica.com\/index.php\/wp-json\/wp\/v2\/types\/post"}],"author":[{"embeddable":true,"href":"https:\/\/revista.puertadeafrica.com\/index.php\/wp-json\/wp\/v2\/users\/14"}],"replies":[{"embeddable":true,"href":"https:\/\/revista.puertadeafrica.com\/index.php\/wp-json\/wp\/v2\/comments?post=490"}],"version-history":[{"count":1,"href":"https:\/\/revista.puertadeafrica.com\/index.php\/wp-json\/wp\/v2\/posts\/490\/revisions"}],"predecessor-version":[{"id":2322,"href":"https:\/\/revista.puertadeafrica.com\/index.php\/wp-json\/wp\/v2\/posts\/490\/revisions\/2322"}],"wp:featuredmedia":[{"embeddable":true,"href":"https:\/\/revista.puertadeafrica.com\/index.php\/wp-json\/wp\/v2\/media\/2321"}],"wp:attachment":[{"href":"https:\/\/revista.puertadeafrica.com\/index.php\/wp-json\/wp\/v2\/media?parent=490"}],"wp:term":[{"taxonomy":"category","embeddable":true,"href":"https:\/\/revista.puertadeafrica.com\/index.php\/wp-json\/wp\/v2\/categories?post=490"},{"taxonomy":"post_tag","embeddable":true,"href":"https:\/\/revista.puertadeafrica.com\/index.php\/wp-json\/wp\/v2\/tags?post=490"},{"taxonomy":"author","embeddable":true,"href":"https:\/\/revista.puertadeafrica.com\/index.php\/wp-json\/wp\/v2\/ppma_author?post=490"}],"curies":[{"name":"wp","href":"https:\/\/api.w.org\/{rel}","templated":true}]}}