{"id":82,"date":"2020-05-02T02:42:09","date_gmt":"2020-05-02T00:42:09","guid":{"rendered":"http:\/\/puertadeafrica.com\/?p=82"},"modified":"2021-02-25T23:07:25","modified_gmt":"2021-02-25T23:07:25","slug":"el-sahel","status":"publish","type":"post","link":"https:\/\/revista.puertadeafrica.com\/index.php\/2020\/05\/02\/el-sahel\/","title":{"rendered":"\u00bfQu\u00e9 es el sahel?"},"content":{"rendered":"\n<p>Podemos definir el Sahel como una <strong>zona geogr\u00e1fica del continente africano<\/strong>. A primera vista lo m\u00e1s conocido es su clima \u00e1rido, un intermedio entre el clima desierto y tropical. Adem\u00e1s, es una zona muy rica en recursos naturales. Sin embargo, los estados sahelianos son inestables, est\u00e1n econ\u00f3micamente deprimidos y faltan de instituciones fuertes y capaces de garantizar la seguridad.<\/p>\n\n\n\n<p>Cuando nos referimos al Sahel podemos hacerlo desde el punto de vista geogr\u00e1fico o desde el punto de vista pol\u00edtico.<\/p>\n\n\n\n<div class=\"wp-block-image\"><figure class=\"aligncenter is-resized\"><img fetchpriority=\"high\" decoding=\"async\" src=\"https:\/\/puertadeafrica.files.wordpress.com\/2020\/05\/image-20170228-18215-i0iugc.jpg?w=1024\" alt=\"The Conversation\/Zenobia Ahmed, CC BY-SA\" class=\"wp-image-139\" width=\"266\" height=\"241\"\/><figcaption>The Conversation\/Zenobia Ahmed,&nbsp;<a href=\"http:\/\/creativecommons.org\/licenses\/by-sa\/4.0\/\">CC BY-SA<\/a><\/figcaption><\/figure><\/div>\n\n\n\n<p>El <strong>\u00abSahel geogr\u00e1fico\u00bb<\/strong> es la<strong> <\/strong>zona que separa la Sabana subsahariana y el desierto del Sahara. Es una \u00e1rea muy extensa, desde el Atl\u00e1ntico hasta el Cuerno de \u00c1frica, que incluye Mauritania, Senegal, Mali, Burkina Faso, Niger, Chad, Sudan, Eritrea y Etiop\u00eda. Algunos expertos tambi\u00e9n consideran una franja de Libia y Algeria como parte de este.<\/p>\n\n\n\n<p>Dada la extensi\u00f3n hay muchas diferencias clim\u00e1ticas, geogr\u00e1ficas, de biodiversidad, pol\u00edticas y sociales, que en conjunto facilitan una situaci\u00f3n de inestabilidad que a\u00f1o tras a\u00f1o se encrudece amenazando la fragilidad y la estabilidad de las zonas contiguas. <\/p>\n\n\n\n<p>Podr\u00edamos decir que hay dos retos principales: el terrorismo y la <strong>desertificaci\u00f3n<\/strong>. Hablaremos del primero un poco m\u00e1s adelante y ahora nos centraremos en apuntar que las condiciones meteorol\u00f3gicas facilitan la erosi\u00f3n, las tormentas de arena y la desforestaci\u00f3n, convirtiendo la subsistencia en un desaf\u00edo en una zona con una econom\u00eda preponderantemente primaria.<\/p>\n\n\n\n<p>Aunque el \u00e1rea tiene diferentes recursos muy demandados como el oro, el uranio, el m\u00e1rmol, el petr\u00f3leo o los diamantes, estos no impactan realmente en la econom\u00eda pues los locales no tienen la capacidad de explotarlo.<\/p>\n\n\n\n<p>El \u00ab<strong>Sahel pol\u00edtico<\/strong>\u00bb es una uni\u00f3n de pa\u00edses con fines geopol\u00edticos y militares denominada <strong>G5 Sahel<\/strong>. Est\u00e1 formada por Burkina Faso, el Chad, Mali, Mauritania y N\u00edger, cuyo denominador com\u00fan es una espiral de violencia yihadista e inter\u00e9tnica que se cobra a\u00f1o tras a\u00f1o miles de muertes. Para hacer frente a la espiral de violencia encontramos numerosas <strong>misiones internacionales<\/strong>. Por un lado, la misi\u00f3n de estabilizaci\u00f3n de Naciones Unidas (MINUSMA) que es considerada la m\u00e1s peligrosa de la historia de los cascos azules. Por el otro, las misiones de capacitaci\u00f3n y formaci\u00f3n de la Uni\u00f3n Europea (EUCAP y EUTM) y los destacamentos de sus Estados miembros.<\/p>\n\n\n\n<div class=\"wp-block-image\"><figure class=\"aligncenter size-large is-resized\"><img decoding=\"async\" src=\"https:\/\/puertadeafrica.files.wordpress.com\/2020\/05\/g5-sahel-655x368-1.png?w=294\" alt=\"\" class=\"wp-image-148\" width=\"163\" height=\"161\"\/><\/figure><\/div>\n\n\n\n<p><strong>\u00bfPor qu\u00e9 es importante?<\/strong><\/p>\n\n\n\n<p>El Sahel es importante en las relaciones internacionales porque hay multitud de agentes transnacionales y criminales operando y poniendo en riesgo la seguridad global. Estos se aprovechan de las <strong>vulnerabilidades<\/strong> sist\u00e9micas de los estados (condiciones socioecon\u00f3micas complicadas, corrupci\u00f3n generalizada, fronteras permeables y una falta de gobiernos con un control real del territorio) convirtiendo la regi\u00f3n en un espacio perfecto para la <strong>proliferaci\u00f3n de actividad criminal<\/strong> y <strong>yihadista.<\/strong> Hay multitud de grupos actuando bajo las banderas de <strong>Al-Qaeda<\/strong> y el <strong>Estado Isl\u00e1mico<\/strong>, adem\u00e1s de otros de independientes. Por estos motivos la poblaci\u00f3n sufre y la econom\u00eda se resiente mientras la estabilidad se transforma en utop\u00eda. <\/p>\n\n\n\n<p>Me gustar\u00eda terminar con una buena noticia: el proceso de democratizaci\u00f3n del Oeste Africano va m\u00e1s r\u00e1pido que en otras regiones y la proximidad con las fronteras europeas ha forzado la cooperaci\u00f3n y el dialogo continuo para gestionar retos comunes. Es por ello que es fundamental el fomento del conocimiento de la regi\u00f3n, hacer llegar a la opini\u00f3n p\u00fablica la situaci\u00f3n y que m\u00e1s intelectuales puedan dedicarse al estudio de una tem\u00e1tica fundamental, no solo para \u00c1frica sino tambi\u00e9n para Europa y la seguridad global.<\/p>\n","protected":false},"excerpt":{"rendered":"<p>\u00bfHas o\u00eddo hablar del Sahel? Lo cierto es que hasta hace muy poco el Sahel era una zona pr\u00e1cticamente desconocida para la poblaci\u00f3n. Dada la creciente inestabilidad, la cercan\u00eda con el Mediterr\u00e1neo, la presencia de nuestras fuerzas armadas y la inmigraci\u00f3n procedente de la zona, esto ha ido cambiando y hoy es uno de los centros del an\u00e1lisis geopol\u00edtico.<\/p>\n","protected":false},"author":1,"featured_media":2364,"comment_status":"open","ping_status":"open","sticky":false,"template":"","format":"standard","meta":{"_monsterinsights_skip_tracking":false,"_monsterinsights_sitenote_active":false,"_monsterinsights_sitenote_note":"","_monsterinsights_sitenote_category":0},"categories":[115],"tags":[],"ppma_author":[410],"authors":[{"term_id":410,"user_id":1,"is_guest":0,"slug":"euroafricanosgmail-com","display_name":"Puerta de \u00c1frica","avatar_url":"https:\/\/secure.gravatar.com\/avatar\/30261d3042a5e4511155af09db6775f2?s=96&d=mm&r=g","first_name":"Puerta de \u00c1frica","last_name":"","user_url":"http:\/\/revista.puertadeafrica.com","job_title":"","description":"La Puerta de \u00c1frica es un Think and Do Tank Juvenil que busca acercar \u00c1frica a Espa\u00f1a y promover el intercambio intelectual entre j\u00f3venes africanos y europeos en aras del desarrollo."}],"_links":{"self":[{"href":"https:\/\/revista.puertadeafrica.com\/index.php\/wp-json\/wp\/v2\/posts\/82"}],"collection":[{"href":"https:\/\/revista.puertadeafrica.com\/index.php\/wp-json\/wp\/v2\/posts"}],"about":[{"href":"https:\/\/revista.puertadeafrica.com\/index.php\/wp-json\/wp\/v2\/types\/post"}],"author":[{"embeddable":true,"href":"https:\/\/revista.puertadeafrica.com\/index.php\/wp-json\/wp\/v2\/users\/1"}],"replies":[{"embeddable":true,"href":"https:\/\/revista.puertadeafrica.com\/index.php\/wp-json\/wp\/v2\/comments?post=82"}],"version-history":[{"count":1,"href":"https:\/\/revista.puertadeafrica.com\/index.php\/wp-json\/wp\/v2\/posts\/82\/revisions"}],"predecessor-version":[{"id":2365,"href":"https:\/\/revista.puertadeafrica.com\/index.php\/wp-json\/wp\/v2\/posts\/82\/revisions\/2365"}],"wp:featuredmedia":[{"embeddable":true,"href":"https:\/\/revista.puertadeafrica.com\/index.php\/wp-json\/wp\/v2\/media\/2364"}],"wp:attachment":[{"href":"https:\/\/revista.puertadeafrica.com\/index.php\/wp-json\/wp\/v2\/media?parent=82"}],"wp:term":[{"taxonomy":"category","embeddable":true,"href":"https:\/\/revista.puertadeafrica.com\/index.php\/wp-json\/wp\/v2\/categories?post=82"},{"taxonomy":"post_tag","embeddable":true,"href":"https:\/\/revista.puertadeafrica.com\/index.php\/wp-json\/wp\/v2\/tags?post=82"},{"taxonomy":"author","embeddable":true,"href":"https:\/\/revista.puertadeafrica.com\/index.php\/wp-json\/wp\/v2\/ppma_author?post=82"}],"curies":[{"name":"wp","href":"https:\/\/api.w.org\/{rel}","templated":true}]}}