{"id":39,"name":"Rub\u00e9n De La Torre","url":"","description":"Fot\u00f3grafo y documentalista de culturas minoritarias y vida salvaje. Interesado en historia, geograf\u00eda y medio ambiente.","link":"https:\/\/revista.puertadeafrica.com\/index.php\/author\/ruben-de-la-torre\/","slug":"ruben-de-la-torre","avatar_urls":{"24":"https:\/\/secure.gravatar.com\/avatar\/687c4cd2787c8180ffb9a2346f4c4913?s=24&d=mm&r=g","48":"https:\/\/secure.gravatar.com\/avatar\/687c4cd2787c8180ffb9a2346f4c4913?s=48&d=mm&r=g","96":"https:\/\/secure.gravatar.com\/avatar\/687c4cd2787c8180ffb9a2346f4c4913?s=96&d=mm&r=g"},"meta":[],"_links":{"self":[{"href":"https:\/\/revista.puertadeafrica.com\/index.php\/wp-json\/wp\/v2\/users\/39"}],"collection":[{"href":"https:\/\/revista.puertadeafrica.com\/index.php\/wp-json\/wp\/v2\/users"}]}}