{"id":40,"name":"Sarahi Boleko","url":"","description":"Hija de madre migrante con ascendencia ecuatoguineana criada en Madrid, por la intersecci\u00f3n de mi identidad desde bien peque\u00f1a siempre he estado interesada en cuestiones sociales que ocurr\u00edan en todo medio global.\r\n\r\nActualmente me considero activista por los derechos humanos, centrada en el \u00e1mbito de los movimientos sociales, migraciones y feminismos aplicando un pensamiento decolonial.\r\n\r\nGraduada en el M\u00e1ster en Relaciones Internacionales y Estudios Africanos de la Universidad Aut\u00f3noma de Madrid  y en el Grado Universitario de Relaciones Internacionales (Ingl\u00e9s) por la Universidad Rey Juan Carlos.","link":"https:\/\/revista.puertadeafrica.com\/index.php\/author\/whosarahi\/","slug":"whosarahi","avatar_urls":{"24":"https:\/\/secure.gravatar.com\/avatar\/09fb2fe02e50e67360f765f91f654088?s=24&d=mm&r=g","48":"https:\/\/secure.gravatar.com\/avatar\/09fb2fe02e50e67360f765f91f654088?s=48&d=mm&r=g","96":"https:\/\/secure.gravatar.com\/avatar\/09fb2fe02e50e67360f765f91f654088?s=96&d=mm&r=g"},"meta":[],"_links":{"self":[{"href":"https:\/\/revista.puertadeafrica.com\/index.php\/wp-json\/wp\/v2\/users\/40"}],"collection":[{"href":"https:\/\/revista.puertadeafrica.com\/index.php\/wp-json\/wp\/v2\/users"}]}}